{"id":29,"date":"2011-01-22T01:05:53","date_gmt":"2011-01-22T01:05:53","guid":{"rendered":"http:\/\/espaieatart.wordpress.com\/?p=29"},"modified":"2011-01-22T01:05:53","modified_gmt":"2011-01-22T01:05:53","slug":"un-cotxe-dscalextric-de-lluis-vila","status":"publish","type":"post","link":"http:\/\/fundaciolluiscoromina.org\/index.php\/2011\/01\/22\/un-cotxe-dscalextric-de-lluis-vila\/","title":{"rendered":"Cotxe d&#8217;Scalextric de Vil\u00e0, per la Fundaci\u00f3 \u00abEl Somni dels Nens\u00bb"},"content":{"rendered":"<p><a href=\"http:\/\/espaieatart.files.wordpress.com\/2011\/01\/01.jpg\"><img loading=\"lazy\" decoding=\"async\" class=\"alignnone size-medium wp-image-31\" title=\"01\" src=\"http:\/\/espaieatart.files.wordpress.com\/2011\/01\/01.jpg?w=300\" alt=\"\" width=\"300\" height=\"200\" \/><\/a><\/p>\n<p><em>Imatge del cotxe Scalextric redissenyat per l&#8217;artista Llu\u00eds Vil\u00e0<\/em><\/p>\n<p>Febrer\/mar\u00e7 2010. Bonart Cultural, la Fundaci\u00f3 \u201cEl Somni dels Nens\u201d i Scalextric participen en aquest projecte que rastreja i actualitza els punt de connexi\u00f3 entre ambdues disciplines i engegen un projecte ben\u00e8fic que compta amb la col\u00b7laboraci\u00f3 d\u2019artistes de primera l\u00ednia com Carlos Pazos, Pere Formiguera, Arranz-Bravo, Vict\u00f2ria Campillo, Ramiro Fern\u00e1ndez, Enric Ansesa, Laura Iniesta, Carlus Camps, Joan Fontcuberta i Llu\u00eds Vil\u00e0, els quals han redissenyat els cotxes de Scalextric que es subhastaran a la sala Balcli\u2019s de Barcelona. La\u00a0Fundaci\u00f3\u00a0\u201cEl\u00a0Somni\u00a0dels\u00a0Nens\u201d t\u00e9 com a missi\u00f3 fer realitat el somni dels nens i nenes afectats de c\u00e0ncer o altres malalties cr\u00f2niques o greus, amb la finalitat d\u2019aportar una dosi d\u2019il\u00b7lusi\u00f3, que els ajudi a mantenir una actitud positiva durant el tractament.<\/p>\n","protected":false},"excerpt":{"rendered":"<p>Imatge del cotxe Scalextric redissenyat per l&#8217;artista Llu\u00eds Vil\u00e0 Febrer\/mar\u00e7 2010. Bonart Cultural, la Fundaci\u00f3 \u201cEl Somni dels Nens\u201d i &#8230;<\/p>\n","protected":false},"author":1,"featured_media":31,"comment_status":"open","ping_status":"open","sticky":false,"template":"","format":"standard","meta":{"footnotes":""},"categories":[9],"tags":[],"class_list":["post-29","post","type-post","status-publish","format-standard","has-post-thumbnail","hentry","category-historic"],"_links":{"self":[{"href":"http:\/\/fundaciolluiscoromina.org\/index.php\/wp-json\/wp\/v2\/posts\/29","targetHints":{"allow":["GET"]}}],"collection":[{"href":"http:\/\/fundaciolluiscoromina.org\/index.php\/wp-json\/wp\/v2\/posts"}],"about":[{"href":"http:\/\/fundaciolluiscoromina.org\/index.php\/wp-json\/wp\/v2\/types\/post"}],"author":[{"embeddable":true,"href":"http:\/\/fundaciolluiscoromina.org\/index.php\/wp-json\/wp\/v2\/users\/1"}],"replies":[{"embeddable":true,"href":"http:\/\/fundaciolluiscoromina.org\/index.php\/wp-json\/wp\/v2\/comments?post=29"}],"version-history":[{"count":0,"href":"http:\/\/fundaciolluiscoromina.org\/index.php\/wp-json\/wp\/v2\/posts\/29\/revisions"}],"wp:attachment":[{"href":"http:\/\/fundaciolluiscoromina.org\/index.php\/wp-json\/wp\/v2\/media?parent=29"}],"wp:term":[{"taxonomy":"category","embeddable":true,"href":"http:\/\/fundaciolluiscoromina.org\/index.php\/wp-json\/wp\/v2\/categories?post=29"},{"taxonomy":"post_tag","embeddable":true,"href":"http:\/\/fundaciolluiscoromina.org\/index.php\/wp-json\/wp\/v2\/tags?post=29"}],"curies":[{"name":"wp","href":"https:\/\/api.w.org\/{rel}","templated":true}]}}