{"id":291,"date":"2011-05-06T21:02:40","date_gmt":"2011-05-06T21:02:40","guid":{"rendered":"http:\/\/espaieatart.wordpress.com\/?p=291"},"modified":"2011-05-06T21:02:40","modified_gmt":"2011-05-06T21:02:40","slug":"lluis-vila-argonautes-de-pa-en-el-banquet-final-56a-exposicio-de-flors-monuments-patis-i-jardins-de-girona-2011","status":"publish","type":"post","link":"http:\/\/fundaciolluiscoromina.org\/index.php\/2011\/05\/06\/lluis-vila-argonautes-de-pa-en-el-banquet-final-56a-exposicio-de-flors-monuments-patis-i-jardins-de-girona-2011\/","title":{"rendered":"Llu\u00eds Vil\u00e0: Argonautes de pa en el \u00abbanquet\u00bb final"},"content":{"rendered":"<p style=\"text-align:justify;\"><strong><\/strong><em><\/em>Un darrer gran menjar ens rememora cap\u00edtols de la hist\u00f2ria del pensament i la cultura tan diversos com singulars. Des del llibre El banquet, de Plat\u00f3, a l\u2019escenificaci\u00f3 b\u00edblica del darrer sant sopar de Jesucrist amb els ap\u00f2stols, que tan excel\u00b7lentment va immortalitzar Leonardo da Vinci. En clau contempor\u00e0nia hi ha diverses pel\u00b7l\u00edcules que posen en relleu aquest fet, com ara Amarcord, de Fellini, en qu\u00e8 es d\u00f3na a con\u00e8ixer \u2013en un dels fotogrames\u2013 el deix mediterrani del menjar amb tota la fam\u00edlia en una taula gegant i el guirigall conseg\u00fcent. Tamb\u00e9 alguns recorden els dinars col\u00b7lectius despr\u00e9s de la mort d\u2019un difunt. Per tant, el menjar, el ritual del menjar, la consagraci\u00f3 del menjar, el que suposa el menjar en el m\u00f3n contemporani \u2013i la crisi que pot haver-hi en un futur en un \u00e0mbit global per la manca d\u2019aquest\u2013 s\u00f3n temes de debat continu i que el m\u00f3n de l\u2019art copsa d\u2019una manera o altra.<br \/>\nA partir d\u2019aquest imaginari, i tot recreant un banquet quasi impossible, \u00e9s per on pivota la darrera instal\u00b7laci\u00f3-muntatge, que, a partir de les escultures de la s\u00e8rie Nautes, de Llu\u00eds Vil\u00e0, s\u2019exposen a l\u2019esgl\u00e9sia de Sant Lluc de Girona. La direcci\u00f3 art\u00edstica ha anat a cura d\u2019Anna Maria Camps, editora de bonart, i el muntatge i l\u2019arquitectura ef\u00edmera, a c\u00e0rrec de Raquel Dom\u00ednguez, Francesc Masdevall i Pau Bosch. L\u2019acci\u00f3, que s\u2019emmarca dins la 56a edici\u00f3 de l\u2019exposici\u00f3 Girona Temps de Flors, Certamen d\u2019Art Floral, Arquitectura Ef\u00edmera i Paisatgisme, que es realitza a Girona del 7 al 15 de maig, ha tingut la col\u00b7laboraci\u00f3 de l\u2019Espai Eat Art_Llu\u00eds Vil\u00e0 de Banyoles; un centre que, especialitzat en la relaci\u00f3 de l\u2019art i l\u2019alimentaci\u00f3, custodia la col\u00b7lecci\u00f3 d\u2019obres de l\u2019artista banyol\u00ed, traspassat ara fa un any, i que va basar el seu discurs en la relaci\u00f3 de l\u2019art amb els aliments.<br \/>\nNavegants sense rostre. Els nautes o navegants de Llu\u00eds Vil\u00e0 s\u00f3n, com tots els barquers hist\u00f2rics i mitol\u00f2gics, personatges que, ja sigui llan\u00e7ats a les profunditats del mar o dels misteris, s\u2019enfronten al desconegut, a un mar que \u00e9s aigua i a una aigua que \u00e9s vida. Aquesta s\u00e8rie d\u2019escultures elaborades, des del 2006 fins al 2009, amb materials tan diversos com ara l\u2019alumini, la fibra i les teles, lliguen la tradici\u00f3 oriental i l\u2019occidental. Treballen amb el pa com a ritual i es connecten amb les iconografies de les m\u00f2mies de l\u2019antigor, de l\u2019Egipte imperial i etern. Els nautes de Llu\u00eds Vil\u00e0 no tenen rostre, s\u00f3n tan an\u00f2nims com ho poden ser els seus espectadors, i \u00e9s que \u00e9s amb el misteri quan tamb\u00e9 comen\u00e7a l\u2019art i tamb\u00e9 les seves preguntes. S\u00f3n d\u2019un blanc impol\u00b7lut, com els esseni b\u00edblics, i nom\u00e9s el color del pa, aquest groguenc, a voltes terr\u00f3s i altres vegades ataronjat, ajuda a donar una nota d\u2019harm\u00f2nica imperfecci\u00f3. En l\u2019actual muntatge estan situats en un altar major, prenent transcend\u00e8ncia m\u00edstica, fent de mirall de l\u2019\u00e0nima, com si fossin sorgits d\u2019un retaule contemporani. Mentrestant, observen una taula gegant, plena de comensals absents mentre del sostre plouen pans en forma de trenes. Uns pans-escultura que l\u2019autor va idear amb la fleca Can Japet i que s\u00f3n escultures menjables i alhora fungibles, dins aquest festival de l\u2019ef\u00edmer de la condici\u00f3 humana. En fi, argonautes mig comestibles reten homenatge en el darrer gran banquet que Vil\u00e0 no veu per\u00f2 que les seves pres\u00e8ncies perceben.<\/p>\n<p style=\"text-align:justify;\"><em>Article publicat a la revista bonart, maig 2011, per <\/em><strong>Ricard Planas Camps<\/strong><\/p>\n<p style=\"text-align:justify;\"><strong>Llu\u00eds Vil\u00e0. <\/strong><em>Escolanet de Montserrat.<\/em> S\u00e8rie Natures, 2009. T\u00e9cnica mixta.<\/p>\n<p style=\"text-align:left;\"><a href=\"http:\/\/espaieatart.files.wordpress.com\/2011\/05\/66.jpg\"><img loading=\"lazy\" decoding=\"async\" class=\"alignleft size-full wp-image-292\" title=\"66 Escultura nauta\" src=\"http:\/\/espaieatart.files.wordpress.com\/2011\/05\/66.jpg\" alt=\"\" width=\"261\" height=\"340\" \/><\/a><strong><\/strong><\/p>\n<p style=\"text-align:left;\"><strong><br \/>\n<\/strong><\/p>\n","protected":false},"excerpt":{"rendered":"<p>Un darrer gran menjar ens rememora cap\u00edtols de la hist\u00f2ria del pensament i la cultura tan diversos com singulars. Des &#8230;<\/p>\n","protected":false},"author":1,"featured_media":292,"comment_status":"open","ping_status":"open","sticky":false,"template":"","format":"standard","meta":{"footnotes":""},"categories":[9],"tags":[],"class_list":["post-291","post","type-post","status-publish","format-standard","has-post-thumbnail","hentry","category-historic"],"_links":{"self":[{"href":"http:\/\/fundaciolluiscoromina.org\/index.php\/wp-json\/wp\/v2\/posts\/291","targetHints":{"allow":["GET"]}}],"collection":[{"href":"http:\/\/fundaciolluiscoromina.org\/index.php\/wp-json\/wp\/v2\/posts"}],"about":[{"href":"http:\/\/fundaciolluiscoromina.org\/index.php\/wp-json\/wp\/v2\/types\/post"}],"author":[{"embeddable":true,"href":"http:\/\/fundaciolluiscoromina.org\/index.php\/wp-json\/wp\/v2\/users\/1"}],"replies":[{"embeddable":true,"href":"http:\/\/fundaciolluiscoromina.org\/index.php\/wp-json\/wp\/v2\/comments?post=291"}],"version-history":[{"count":0,"href":"http:\/\/fundaciolluiscoromina.org\/index.php\/wp-json\/wp\/v2\/posts\/291\/revisions"}],"wp:attachment":[{"href":"http:\/\/fundaciolluiscoromina.org\/index.php\/wp-json\/wp\/v2\/media?parent=291"}],"wp:term":[{"taxonomy":"category","embeddable":true,"href":"http:\/\/fundaciolluiscoromina.org\/index.php\/wp-json\/wp\/v2\/categories?post=291"},{"taxonomy":"post_tag","embeddable":true,"href":"http:\/\/fundaciolluiscoromina.org\/index.php\/wp-json\/wp\/v2\/tags?post=291"}],"curies":[{"name":"wp","href":"https:\/\/api.w.org\/{rel}","templated":true}]}}