{"id":2944,"date":"2016-02-19T21:22:28","date_gmt":"2016-02-19T20:22:28","guid":{"rendered":"http:\/\/www.fundaciolluiscoromina.org\/?p=2944"},"modified":"2016-02-19T21:22:28","modified_gmt":"2016-02-19T20:22:28","slug":"sessio-de-conferencies-sota-el-titol-la-fotografia-com-a-eina-terapeutica","status":"publish","type":"post","link":"http:\/\/fundaciolluiscoromina.org\/index.php\/2016\/02\/19\/sessio-de-conferencies-sota-el-titol-la-fotografia-com-a-eina-terapeutica\/","title":{"rendered":"Sessi\u00f3 de confer\u00e8ncies sota el t\u00edtol \u00abLa fotografia com a eina terap\u00e8utica\u00bb"},"content":{"rendered":"<p>Relacionat amb l\u2019exposici\u00f3 \u2018No hay luz sin oscuridad\u2019, el passat dissabte a l&#8217;Espai Eat Art es van oferir una sessi\u00f3 de confer\u00e8ncies sota el t\u00edtol &#8216;\u2018LA FOTOGRAFIA COM A EINA TERAP\u00c8UTICA\u2018, a c\u00e0rrc d&#8217;Agus Prats, Tino Soriano i Maria Abras.<\/p>\n<div id=\"attachment_2946\" style=\"width: 970px\" class=\"wp-caption alignnone\"><a href=\"http:\/\/www.fundaciolluiscoromina.org\/wp-content\/uploads\/2016\/02\/12659796_530365390472064_906038909_n.jpg\"><img loading=\"lazy\" decoding=\"async\" aria-describedby=\"caption-attachment-2946\" class=\"wp-image-2946 size-full\" src=\"http:\/\/www.fundaciolluiscoromina.org\/wp-content\/uploads\/2016\/02\/12659796_530365390472064_906038909_n.jpg\" alt=\"12659796_530365390472064_906038909_n\" width=\"960\" height=\"720\" \/><\/a><p id=\"caption-attachment-2946\" class=\"wp-caption-text\">Foto de David Bohigas<\/p><\/div>\n<div id=\"attachment_2947\" style=\"width: 764px\" class=\"wp-caption alignnone\"><a href=\"http:\/\/www.fundaciolluiscoromina.org\/wp-content\/uploads\/2016\/02\/12736453_530365437138726_651144393_n.jpg\"><img loading=\"lazy\" decoding=\"async\" aria-describedby=\"caption-attachment-2947\" class=\"wp-image-2947 size-full\" src=\"http:\/\/www.fundaciolluiscoromina.org\/wp-content\/uploads\/2016\/02\/12736453_530365437138726_651144393_n.jpg\" alt=\"12736453_530365437138726_651144393_n\" width=\"754\" height=\"565\" \/><\/a><p id=\"caption-attachment-2947\" class=\"wp-caption-text\">Foto de Tino Soriano<\/p><\/div>\n<div id=\"attachment_2945\" style=\"width: 706px\" class=\"wp-caption alignnone\"><a href=\"http:\/\/www.fundaciolluiscoromina.org\/wp-content\/uploads\/2016\/02\/12746403_530365317138738_980509832_n.jpg\"><img loading=\"lazy\" decoding=\"async\" aria-describedby=\"caption-attachment-2945\" class=\"wp-image-2945 size-full\" src=\"http:\/\/www.fundaciolluiscoromina.org\/wp-content\/uploads\/2016\/02\/12746403_530365317138738_980509832_n.jpg\" alt=\"12746403_530365317138738_980509832_n\" width=\"696\" height=\"522\" \/><\/a><p id=\"caption-attachment-2945\" class=\"wp-caption-text\">Foto de Merc\u00e8 Roig\u00e8<\/p><\/div>\n<div id=\"attachment_2949\" style=\"width: 763px\" class=\"wp-caption alignnone\"><a href=\"http:\/\/www.fundaciolluiscoromina.org\/wp-content\/uploads\/2016\/02\/12696234_530365573805379_201814405_n.jpg\"><img loading=\"lazy\" decoding=\"async\" aria-describedby=\"caption-attachment-2949\" class=\"wp-image-2949 size-full\" src=\"http:\/\/www.fundaciolluiscoromina.org\/wp-content\/uploads\/2016\/02\/12696234_530365573805379_201814405_n.jpg\" alt=\"12696234_530365573805379_201814405_n\" width=\"753\" height=\"565\" \/><\/a><p id=\"caption-attachment-2949\" class=\"wp-caption-text\">Foto de Tino Soriano<\/p><\/div>\n<p><a href=\"http:\/\/www.fundaciolluiscoromina.org\/wp-content\/uploads\/2016\/02\/12729255_530158107159459_5316786913399752892_n.jpg\"><img loading=\"lazy\" decoding=\"async\" class=\"alignnone size-large wp-image-2950\" src=\"http:\/\/www.fundaciolluiscoromina.org\/wp-content\/uploads\/2016\/02\/12729255_530158107159459_5316786913399752892_n.jpg\" alt=\"12729255_530158107159459_5316786913399752892_n\" width=\"480\" height=\"640\" \/><\/a> <a href=\"http:\/\/www.fundaciolluiscoromina.org\/wp-content\/uploads\/2016\/02\/12733614_530158110492792_1016910352287890475_n.jpg\"><img loading=\"lazy\" decoding=\"async\" class=\"alignnone size-large wp-image-2951\" src=\"http:\/\/www.fundaciolluiscoromina.org\/wp-content\/uploads\/2016\/02\/12733614_530158110492792_1016910352287890475_n.jpg\" alt=\"12733614_530158110492792_1016910352287890475_n\" width=\"480\" height=\"640\" \/><\/a> <a href=\"http:\/\/www.fundaciolluiscoromina.org\/wp-content\/uploads\/2016\/02\/12715503_530158113826125_6958176562283788194_n.jpg\"><img loading=\"lazy\" decoding=\"async\" class=\"alignnone size-full wp-image-2952\" src=\"http:\/\/www.fundaciolluiscoromina.org\/wp-content\/uploads\/2016\/02\/12715503_530158113826125_6958176562283788194_n.jpg\" alt=\"12715503_530158113826125_6958176562283788194_n\" width=\"480\" height=\"640\" \/><\/a><\/p>\n","protected":false},"excerpt":{"rendered":"<p>Relacionat amb l\u2019exposici\u00f3 \u2018No hay luz sin oscuridad\u2019, el passat dissabte a l&#8217;Espai Eat Art es van oferir una sessi\u00f3 &#8230;<\/p>\n","protected":false},"author":2,"featured_media":2948,"comment_status":"open","ping_status":"open","sticky":false,"template":"","format":"standard","meta":{"footnotes":""},"categories":[14,15,10],"tags":[],"class_list":["post-2944","post","type-post","status-publish","format-standard","has-post-thumbnail","hentry","category-accions-culturals","category-accions-socials","category-activitats"],"_links":{"self":[{"href":"http:\/\/fundaciolluiscoromina.org\/index.php\/wp-json\/wp\/v2\/posts\/2944","targetHints":{"allow":["GET"]}}],"collection":[{"href":"http:\/\/fundaciolluiscoromina.org\/index.php\/wp-json\/wp\/v2\/posts"}],"about":[{"href":"http:\/\/fundaciolluiscoromina.org\/index.php\/wp-json\/wp\/v2\/types\/post"}],"author":[{"embeddable":true,"href":"http:\/\/fundaciolluiscoromina.org\/index.php\/wp-json\/wp\/v2\/users\/2"}],"replies":[{"embeddable":true,"href":"http:\/\/fundaciolluiscoromina.org\/index.php\/wp-json\/wp\/v2\/comments?post=2944"}],"version-history":[{"count":0,"href":"http:\/\/fundaciolluiscoromina.org\/index.php\/wp-json\/wp\/v2\/posts\/2944\/revisions"}],"wp:attachment":[{"href":"http:\/\/fundaciolluiscoromina.org\/index.php\/wp-json\/wp\/v2\/media?parent=2944"}],"wp:term":[{"taxonomy":"category","embeddable":true,"href":"http:\/\/fundaciolluiscoromina.org\/index.php\/wp-json\/wp\/v2\/categories?post=2944"},{"taxonomy":"post_tag","embeddable":true,"href":"http:\/\/fundaciolluiscoromina.org\/index.php\/wp-json\/wp\/v2\/tags?post=2944"}],"curies":[{"name":"wp","href":"https:\/\/api.w.org\/{rel}","templated":true}]}}