{"id":297,"date":"2011-05-07T14:00:18","date_gmt":"2011-05-07T14:00:18","guid":{"rendered":"http:\/\/espaieatart.wordpress.com\/?p=297"},"modified":"2011-05-07T14:00:18","modified_gmt":"2011-05-07T14:00:18","slug":"el-banquet-amb-escultures-de-lluis-vila-dins-la-56a-edicio-de-lexposicio-girona-temps-de-flors","status":"publish","type":"post","link":"http:\/\/fundaciolluiscoromina.org\/index.php\/2011\/05\/07\/el-banquet-amb-escultures-de-lluis-vila-dins-la-56a-edicio-de-lexposicio-girona-temps-de-flors\/","title":{"rendered":"\u00abEl Banquet\u00bb, una instal.laci\u00f3 amb escultures de Llu\u00eds Vil\u00e0, a l\u2019exposici\u00f3 d&#8217;arquitectura ef\u00edmera Girona Temps de Flors"},"content":{"rendered":"<p style=\"text-align:justify;\"><a href=\"http:\/\/espaieatart.files.wordpress.com\/2011\/05\/el-banquet-56-temps-de-flors-2011.jpg\"><img loading=\"lazy\" decoding=\"async\" class=\"aligncenter size-large wp-image-303\" title=\"El banquet 56 temps de flors 2011\" src=\"http:\/\/espaieatart.files.wordpress.com\/2011\/05\/el-banquet-56-temps-de-flors-2011.jpg?w=1024\" alt=\"\" width=\"819\" height=\"621\" \/><\/a>Instal\u00b7laci\u00f3-muntatge amb les escultures de la s\u00e8rie \u00abNautes\u00bb, de Llu\u00eds Vil\u00e0, i amb pans-escultura que l\u2019autor va idear amb la fleca Can Japet (escultures menjables i alhora fungibles). La direcci\u00f3 art\u00edstica ha anat a cura d\u2019Anna Maria Camps, editora de bonart, i el muntatge i l\u2019arquitectura ef\u00edmera, a c\u00e0rrec de Raquel Dom\u00ednguez, Francesc Masdevall i Pau Bosch. L\u2019acci\u00f3, que s\u2019emmarca dins la 56a edici\u00f3 de l\u2019exposici\u00f3 Girona Temps de Flors, Certamen d\u2019Art Floral, Arquitectura Ef\u00edmera i Paisatgisme, que es realitza a Girona del 7 al 15 de maig 2011, ha tingut la col\u00b7laboraci\u00f3 de l\u2019Espai Eat Art_Llu\u00eds Vil\u00e0 de Banyoles. L&#8217;exposici\u00f3 es pot veure a l&#8217;esgl\u00e9sia de Sant Lluc de Girona.<\/p>\n<p style=\"text-align:justify;\">Patrocinadors:<em> Manaies de Girona, Ajuntament de Girona, GEiEG, Obycall, Servei Estaci\u00f3, bonart cultural, Col.legi de Decoradors, Peacok, Gremi de Floristes, Empord\u00e0lia, Suministres Girona, Can Japet, Farinera Coromina, Espai Eat Art_Showroom Llu\u00eds Vil\u00e0.<\/em><\/p>\n<p style=\"text-align:justify;\">\n","protected":false},"excerpt":{"rendered":"<p>Instal\u00b7laci\u00f3-muntatge amb les escultures de la s\u00e8rie \u00abNautes\u00bb, de Llu\u00eds Vil\u00e0, i amb pans-escultura que l\u2019autor va idear amb la &#8230;<\/p>\n","protected":false},"author":1,"featured_media":303,"comment_status":"open","ping_status":"open","sticky":false,"template":"","format":"standard","meta":{"footnotes":""},"categories":[9],"tags":[],"class_list":["post-297","post","type-post","status-publish","format-standard","has-post-thumbnail","hentry","category-historic"],"_links":{"self":[{"href":"http:\/\/fundaciolluiscoromina.org\/index.php\/wp-json\/wp\/v2\/posts\/297","targetHints":{"allow":["GET"]}}],"collection":[{"href":"http:\/\/fundaciolluiscoromina.org\/index.php\/wp-json\/wp\/v2\/posts"}],"about":[{"href":"http:\/\/fundaciolluiscoromina.org\/index.php\/wp-json\/wp\/v2\/types\/post"}],"author":[{"embeddable":true,"href":"http:\/\/fundaciolluiscoromina.org\/index.php\/wp-json\/wp\/v2\/users\/1"}],"replies":[{"embeddable":true,"href":"http:\/\/fundaciolluiscoromina.org\/index.php\/wp-json\/wp\/v2\/comments?post=297"}],"version-history":[{"count":0,"href":"http:\/\/fundaciolluiscoromina.org\/index.php\/wp-json\/wp\/v2\/posts\/297\/revisions"}],"wp:attachment":[{"href":"http:\/\/fundaciolluiscoromina.org\/index.php\/wp-json\/wp\/v2\/media?parent=297"}],"wp:term":[{"taxonomy":"category","embeddable":true,"href":"http:\/\/fundaciolluiscoromina.org\/index.php\/wp-json\/wp\/v2\/categories?post=297"},{"taxonomy":"post_tag","embeddable":true,"href":"http:\/\/fundaciolluiscoromina.org\/index.php\/wp-json\/wp\/v2\/tags?post=297"}],"curies":[{"name":"wp","href":"https:\/\/api.w.org\/{rel}","templated":true}]}}