{"id":2978,"date":"2016-03-09T21:28:45","date_gmt":"2016-03-09T20:28:45","guid":{"rendered":"http:\/\/www.fundaciolluiscoromina.org\/?p=2978"},"modified":"2016-03-09T21:28:45","modified_gmt":"2016-03-09T20:28:45","slug":"es-posposa-lexposicio-this-is-the-cover-of-the-book-per-problemes-logistics","status":"publish","type":"post","link":"http:\/\/fundaciolluiscoromina.org\/index.php\/2016\/03\/09\/es-posposa-lexposicio-this-is-the-cover-of-the-book-per-problemes-logistics\/","title":{"rendered":"Es posposa l&#8217;exposici\u00f3 &#8216;This is the cover of the book&#8217; per problemes log\u00edstics"},"content":{"rendered":"<p>Per problemes log\u00edstics hem decidit posposar l&#8217;exposici\u00f3 &#8216;<span class=\"hiddenSpellError\">This<\/span> is <span class=\"hiddenSpellError\">the<\/span> cover <span class=\"hiddenSpellError\">of<\/span> <span class=\"hiddenSpellError\">the<\/span> <span class=\"hiddenSpellError\">book<\/span>&#8216;.<\/p>\n<p>En el seu lloc, el divendres dia 11 de <span class=\"hiddenSpellError\">mar\u00e7<\/span> inaugurem l&#8217;exposici\u00f3 col\u00b7lectiva &#8216;Un altre m\u00f3n&#8217;, 44 escultures de petit format conformen la mostra \u2013 a m\u00e9s d\u2019una fotografia i una pintura-, peces pensades totes a partir d\u2019una esfera del m\u00f3n i amb la reflexi\u00f3 particular de cada un dels artistes sobre el planeta. Aix\u00ed, les obres representen mons ut\u00f2pics, mons imaginats, mons pensats, manipulats, utilitzats com a met\u00e0fora o simplement com a suport per al fet art\u00edstic.<\/p>\n<p>La inauguraci\u00f3 ser\u00e0 aquest divendres dia 11 a les 20 h a l&#8217;Espai <span class=\"hiddenSpellError\">Eat<\/span> Art de Banyoles i l&#8217;exposici\u00f3 es podr\u00e0 visitar fins al 30 d&#8217;abril.<\/p>\n","protected":false},"excerpt":{"rendered":"<p>Per problemes log\u00edstics hem decidit posposar l&#8217;exposici\u00f3 &#8216;This is the cover of the book&#8216;. En el seu lloc, el divendres &#8230;<\/p>\n","protected":false},"author":2,"featured_media":2980,"comment_status":"open","ping_status":"open","sticky":false,"template":"","format":"standard","meta":{"footnotes":""},"categories":[17],"tags":[],"class_list":["post-2978","post","type-post","status-publish","format-standard","has-post-thumbnail","hentry","category-exposicions-espai-eat-art"],"_links":{"self":[{"href":"http:\/\/fundaciolluiscoromina.org\/index.php\/wp-json\/wp\/v2\/posts\/2978","targetHints":{"allow":["GET"]}}],"collection":[{"href":"http:\/\/fundaciolluiscoromina.org\/index.php\/wp-json\/wp\/v2\/posts"}],"about":[{"href":"http:\/\/fundaciolluiscoromina.org\/index.php\/wp-json\/wp\/v2\/types\/post"}],"author":[{"embeddable":true,"href":"http:\/\/fundaciolluiscoromina.org\/index.php\/wp-json\/wp\/v2\/users\/2"}],"replies":[{"embeddable":true,"href":"http:\/\/fundaciolluiscoromina.org\/index.php\/wp-json\/wp\/v2\/comments?post=2978"}],"version-history":[{"count":0,"href":"http:\/\/fundaciolluiscoromina.org\/index.php\/wp-json\/wp\/v2\/posts\/2978\/revisions"}],"wp:attachment":[{"href":"http:\/\/fundaciolluiscoromina.org\/index.php\/wp-json\/wp\/v2\/media?parent=2978"}],"wp:term":[{"taxonomy":"category","embeddable":true,"href":"http:\/\/fundaciolluiscoromina.org\/index.php\/wp-json\/wp\/v2\/categories?post=2978"},{"taxonomy":"post_tag","embeddable":true,"href":"http:\/\/fundaciolluiscoromina.org\/index.php\/wp-json\/wp\/v2\/tags?post=2978"}],"curies":[{"name":"wp","href":"https:\/\/api.w.org\/{rel}","templated":true}]}}