{"id":3010,"date":"2016-03-17T21:26:34","date_gmt":"2016-03-17T20:26:34","guid":{"rendered":"http:\/\/www.fundaciolluiscoromina.org\/?p=3010"},"modified":"2016-03-17T21:26:34","modified_gmt":"2016-03-17T20:26:34","slug":"els-altres-mons-de-44-artistes-de-renom-del-pais-sexhibeixen-a-banyoles","status":"publish","type":"post","link":"http:\/\/fundaciolluiscoromina.org\/index.php\/2016\/03\/17\/els-altres-mons-de-44-artistes-de-renom-del-pais-sexhibeixen-a-banyoles\/","title":{"rendered":"Els altres mons de 44 artistes de renom del pa\u00eds s&#8217;exhibeixen a Banyoles"},"content":{"rendered":"<p>\u00abUn altre m\u00f3n\u00bb es podr\u00e0 visitar fins al 30 d&#8217;abril a l&#8217;Espai Eat Art i forma part del programa Itiner\u2019ART de la Fundaci\u00f3 Vila Casas. Una proposta que neix amb l\u2019objectiu d\u2019establir un di\u00e0leg amb d\u2019altres centres del territori i difondre, aix\u00ed, l\u2019art contemporani catal\u00e0.<\/p>\n<p>Autors com Chancho o Guinovart participen a \u00abUn altre m\u00f3n\u00bb, una proposta d&#8217;Itiner&#8217;ART de la Fundaci\u00f3 Vila Casas i la Fundaci\u00f3 Llu\u00eds Coromina<\/p>\n<p>La mostra recull la proposta que es va fer l&#8217;any 2004 a diversos artistes pl\u00e0stics -Josep Guinovart, Albert R\u00e0fols-Casamada, Xavier Medina Campeny, Joaquim Chancho, entre molts d&#8217;altres- perqu\u00e8 aportessin una visi\u00f3 pr\u00f2pia sobre el nostre planeta; el resultat s\u00f3n 44 treballs escult\u00f2rics que representen mons ut\u00f2pics, imaginats, pensats, manipulats, utilitzats com a met\u00e0fora o, simplement, com a vehicle d&#8217;expressi\u00f3 d&#8217;una concepci\u00f3 est\u00e8tica.<\/p>\n<p>L&#8217;escriptora i periodista Margarita Rivi\u00e8re dedic\u00e0 a l&#8217;exposici\u00f3 un text que, amb ironia i un fi sentit de l&#8217;humor, posava de manifest que el m\u00f3n que habitem \u00e9s un i s\u00f3n molts:<\/p>\n<p>\u201c(..) Tras largos trabajos en solitario, los reunidos exhiben su satisfaccio\u0301n por la obra hecha a partir de una materia prima de uso escolar. La paz impera y, por primera vez, no hay ningu\u0301n polici\u0301a protegiendo un evento de tal magnitud. La cumbre se muestra contenta: \u201cTenemos el mundo en nuestras manos\u201d, dicen sin complejos. Es una evidencia que no necesita comprobacio\u0301n.<\/p>\n<p>Informaciones de primera mano sen\u0303alan que hay consenso sobre los tres puntos principales de las propuestas de acuerdo. Aunque no es oficial, podemos avanzar una si\u0301ntesis de los tres puntos: \u201c1- El mundo es diverso. 2- Con el mundo hacemos lo que nos da la gana. 3- Esto es: humor, belleza, pasio\u0301n, color, sabiduri\u0301a, arte\u201d. La confirmacio\u0301n de esta propuesta estrate\u0301gica de largo alcance ha creado enorme expectacio\u0301n. Por el momento no hay ma\u0301s datos, pero crece el intere\u0301s por ver el mundo al reve\u0301s y observarlo en posibilidades desconocidas hasta ahora.\u201d<\/p>\n","protected":false},"excerpt":{"rendered":"<p>\u00abUn altre m\u00f3n\u00bb es podr\u00e0 visitar fins al 30 d&#8217;abril a l&#8217;Espai Eat Art i forma part del programa Itiner\u2019ART &#8230;<\/p>\n","protected":false},"author":2,"featured_media":2994,"comment_status":"open","ping_status":"open","sticky":false,"template":"","format":"standard","meta":{"footnotes":""},"categories":[17],"tags":[],"class_list":["post-3010","post","type-post","status-publish","format-standard","has-post-thumbnail","hentry","category-exposicions-espai-eat-art"],"_links":{"self":[{"href":"http:\/\/fundaciolluiscoromina.org\/index.php\/wp-json\/wp\/v2\/posts\/3010","targetHints":{"allow":["GET"]}}],"collection":[{"href":"http:\/\/fundaciolluiscoromina.org\/index.php\/wp-json\/wp\/v2\/posts"}],"about":[{"href":"http:\/\/fundaciolluiscoromina.org\/index.php\/wp-json\/wp\/v2\/types\/post"}],"author":[{"embeddable":true,"href":"http:\/\/fundaciolluiscoromina.org\/index.php\/wp-json\/wp\/v2\/users\/2"}],"replies":[{"embeddable":true,"href":"http:\/\/fundaciolluiscoromina.org\/index.php\/wp-json\/wp\/v2\/comments?post=3010"}],"version-history":[{"count":0,"href":"http:\/\/fundaciolluiscoromina.org\/index.php\/wp-json\/wp\/v2\/posts\/3010\/revisions"}],"wp:attachment":[{"href":"http:\/\/fundaciolluiscoromina.org\/index.php\/wp-json\/wp\/v2\/media?parent=3010"}],"wp:term":[{"taxonomy":"category","embeddable":true,"href":"http:\/\/fundaciolluiscoromina.org\/index.php\/wp-json\/wp\/v2\/categories?post=3010"},{"taxonomy":"post_tag","embeddable":true,"href":"http:\/\/fundaciolluiscoromina.org\/index.php\/wp-json\/wp\/v2\/tags?post=3010"}],"curies":[{"name":"wp","href":"https:\/\/api.w.org\/{rel}","templated":true}]}}