{"id":3016,"date":"2016-04-08T23:15:36","date_gmt":"2016-04-08T21:15:36","guid":{"rendered":"http:\/\/www.fundaciolluiscoromina.org\/?p=3016"},"modified":"2016-04-08T23:15:36","modified_gmt":"2016-04-08T21:15:36","slug":"mor-als-83-anys-david-moner-patro-de-la-fundacio-lluis-coromina","status":"publish","type":"post","link":"http:\/\/fundaciolluiscoromina.org\/index.php\/2016\/04\/08\/mor-als-83-anys-david-moner-patro-de-la-fundacio-lluis-coromina\/","title":{"rendered":"Mor als 83 anys David Moner, patr\u00f3 de la Fundaci\u00f3 Llu\u00eds Coromina"},"content":{"rendered":"<p>Nascut a Barcelona, David Moner va viure la seva joventut a Banyoles, d\u2019on era origin\u00e0ria la seva fam\u00edlia, i va ser llavors on va entrar en contacte amb esports com la nataci\u00f3 o el waterpolo. President de la Uni\u00f3 de Federacions Esportives de Catalunya des del 1996 fina al 2014, va compaginar la seva passi\u00f3 per l\u2019esport amb la seva carrera professional, dirigint un despatx d\u2019advocats a Barcelona. Sempre va estar vinculat a Banyoles, on tenia una resid\u00e8ncia i on va fer els seus primers passos com a directiu al Club Nataci\u00f3 Banyoles.<\/p>\n<p>La Creu de Sant Jordi, els Anells d\u2019Or del comit\u00e8 Ol\u00edmpic Internacional o el nomenament com cavaller de l\u2019Ordre del M\u00e8rit Internacional de la Rep\u00fablica Francesa s\u00f3n alguns dels reconeixements que va rebre David Moner al llarg de la seva vida.<\/p>\n<p>Des de la Fundaci\u00f3 Llu\u00eds Coromina i Isern agra\u00efm profundament la tasca de patronatge que va exercir i volem expressar el nostre m\u00e9s sincer condol per la seva p\u00e8rdua, transmetent aquest sentiment de tristesa i suport a tota la seva fam\u00edlia i amics; que reposi en pau.<\/p>\n","protected":false},"excerpt":{"rendered":"<p>Nascut a Barcelona, David Moner va viure la seva joventut a Banyoles, d\u2019on era origin\u00e0ria la seva fam\u00edlia, i va &#8230;<\/p>\n","protected":false},"author":2,"featured_media":3017,"comment_status":"open","ping_status":"open","sticky":false,"template":"","format":"standard","meta":{"footnotes":""},"categories":[10],"tags":[],"class_list":["post-3016","post","type-post","status-publish","format-standard","has-post-thumbnail","hentry","category-activitats"],"_links":{"self":[{"href":"http:\/\/fundaciolluiscoromina.org\/index.php\/wp-json\/wp\/v2\/posts\/3016","targetHints":{"allow":["GET"]}}],"collection":[{"href":"http:\/\/fundaciolluiscoromina.org\/index.php\/wp-json\/wp\/v2\/posts"}],"about":[{"href":"http:\/\/fundaciolluiscoromina.org\/index.php\/wp-json\/wp\/v2\/types\/post"}],"author":[{"embeddable":true,"href":"http:\/\/fundaciolluiscoromina.org\/index.php\/wp-json\/wp\/v2\/users\/2"}],"replies":[{"embeddable":true,"href":"http:\/\/fundaciolluiscoromina.org\/index.php\/wp-json\/wp\/v2\/comments?post=3016"}],"version-history":[{"count":0,"href":"http:\/\/fundaciolluiscoromina.org\/index.php\/wp-json\/wp\/v2\/posts\/3016\/revisions"}],"wp:attachment":[{"href":"http:\/\/fundaciolluiscoromina.org\/index.php\/wp-json\/wp\/v2\/media?parent=3016"}],"wp:term":[{"taxonomy":"category","embeddable":true,"href":"http:\/\/fundaciolluiscoromina.org\/index.php\/wp-json\/wp\/v2\/categories?post=3016"},{"taxonomy":"post_tag","embeddable":true,"href":"http:\/\/fundaciolluiscoromina.org\/index.php\/wp-json\/wp\/v2\/tags?post=3016"}],"curies":[{"name":"wp","href":"https:\/\/api.w.org\/{rel}","templated":true}]}}