{"id":3020,"date":"2016-04-25T20:24:45","date_gmt":"2016-04-25T18:24:45","guid":{"rendered":"http:\/\/www.fundaciolluiscoromina.org\/?p=3020"},"modified":"2016-04-25T20:24:45","modified_gmt":"2016-04-25T18:24:45","slug":"albert-serra-presentara-a-canes-la-mort-de-lluis-xiv","status":"publish","type":"post","link":"http:\/\/fundaciolluiscoromina.org\/index.php\/2016\/04\/25\/albert-serra-presentara-a-canes-la-mort-de-lluis-xiv\/","title":{"rendered":"Albert Serra presentar\u00e0 a Canes \u00abLa mort de Llu\u00eds XIV\u00bb"},"content":{"rendered":"<p>La pel\u00b7l\u00edcula, \u2018una mica funebre\u2019 segons les paraules del director, tracta els \u00faltims dies de vida del rei Llu\u00eds XIV i es projectar\u00e0 fora de concurs.<\/p>\n<p>Rodada a Fran\u00e7a, en un castell aprop de Bordeus, el film \u00e9s una coproducci\u00f3 francesa, portuguesa i espanyola i est\u00e0 protagonitzat per l\u2019actor franc\u00e8s Jean-Pierre L\u00e9aud en la 69a edici\u00f3 del Festival de Canes.<\/p>\n","protected":false},"excerpt":{"rendered":"<p>La pel\u00b7l\u00edcula, \u2018una mica funebre\u2019 segons les paraules del director, tracta els \u00faltims dies de vida del rei Llu\u00eds XIV &#8230;<\/p>\n","protected":false},"author":2,"featured_media":3021,"comment_status":"open","ping_status":"open","sticky":false,"template":"","format":"standard","meta":{"footnotes":""},"categories":[10],"tags":[],"class_list":["post-3020","post","type-post","status-publish","format-standard","has-post-thumbnail","hentry","category-activitats"],"_links":{"self":[{"href":"http:\/\/fundaciolluiscoromina.org\/index.php\/wp-json\/wp\/v2\/posts\/3020","targetHints":{"allow":["GET"]}}],"collection":[{"href":"http:\/\/fundaciolluiscoromina.org\/index.php\/wp-json\/wp\/v2\/posts"}],"about":[{"href":"http:\/\/fundaciolluiscoromina.org\/index.php\/wp-json\/wp\/v2\/types\/post"}],"author":[{"embeddable":true,"href":"http:\/\/fundaciolluiscoromina.org\/index.php\/wp-json\/wp\/v2\/users\/2"}],"replies":[{"embeddable":true,"href":"http:\/\/fundaciolluiscoromina.org\/index.php\/wp-json\/wp\/v2\/comments?post=3020"}],"version-history":[{"count":0,"href":"http:\/\/fundaciolluiscoromina.org\/index.php\/wp-json\/wp\/v2\/posts\/3020\/revisions"}],"wp:attachment":[{"href":"http:\/\/fundaciolluiscoromina.org\/index.php\/wp-json\/wp\/v2\/media?parent=3020"}],"wp:term":[{"taxonomy":"category","embeddable":true,"href":"http:\/\/fundaciolluiscoromina.org\/index.php\/wp-json\/wp\/v2\/categories?post=3020"},{"taxonomy":"post_tag","embeddable":true,"href":"http:\/\/fundaciolluiscoromina.org\/index.php\/wp-json\/wp\/v2\/tags?post=3020"}],"curies":[{"name":"wp","href":"https:\/\/api.w.org\/{rel}","templated":true}]}}