{"id":3024,"date":"2016-04-27T19:32:10","date_gmt":"2016-04-27T17:32:10","guid":{"rendered":"http:\/\/www.fundaciolluiscoromina.org\/?p=3024"},"modified":"2016-04-27T19:32:10","modified_gmt":"2016-04-27T17:32:10","slug":"mor-terry-broch-vidua-de-lartista-carles-fontsere","status":"publish","type":"post","link":"http:\/\/fundaciolluiscoromina.org\/index.php\/2016\/04\/27\/mor-terry-broch-vidua-de-lartista-carles-fontsere\/","title":{"rendered":"Mor Terry Broch, v\u00eddua de l&#8217;artista Carles Fontser\u00e8"},"content":{"rendered":"<p><span data-offset-key=\"c25mg-0-0\"><span data-text=\"true\">Aquesta matinada a mort Terry Broch, v\u00eddua del dibuixant i cartellista catal\u00e0, Carles Fontser\u00e8. Companya inseparable de l\u2019artista, ha sigut la persona que ha preservat la seva obra i que gr\u00e0cies a l\u2019ajut de les institucions ha mantingut el fons de Carles Fontser\u00e8. Justament aquest any es celebra l&#8217;any Fontser\u00e8.<\/span><\/span><\/p>\n<div id=\"attachment_3025\" style=\"width: 600px\" class=\"wp-caption alignnone\"><a href=\"http:\/\/www.fundaciolluiscoromina.org\/wp-content\/uploads\/2016\/04\/Terry-Broch-vidua-Fontsere-2016-590x315.png\"><img loading=\"lazy\" decoding=\"async\" aria-describedby=\"caption-attachment-3025\" class=\"wp-image-3025 size-full\" src=\"http:\/\/www.fundaciolluiscoromina.org\/wp-content\/uploads\/2016\/04\/Terry-Broch-vidua-Fontsere-2016-590x315.png\" alt=\"Terry-Broch-vidua-Fontsere-2016-590x315\" width=\"590\" height=\"315\" \/><\/a><p id=\"caption-attachment-3025\" class=\"wp-caption-text\">Foto: Pere Duran<\/p><\/div>\n","protected":false},"excerpt":{"rendered":"<p>Aquesta matinada a mort Terry Broch, v\u00eddua del dibuixant i cartellista catal\u00e0, Carles Fontser\u00e8. Companya inseparable de l\u2019artista, ha sigut &#8230;<\/p>\n","protected":false},"author":2,"featured_media":3026,"comment_status":"open","ping_status":"open","sticky":false,"template":"","format":"standard","meta":{"footnotes":""},"categories":[10],"tags":[],"class_list":["post-3024","post","type-post","status-publish","format-standard","has-post-thumbnail","hentry","category-activitats"],"_links":{"self":[{"href":"http:\/\/fundaciolluiscoromina.org\/index.php\/wp-json\/wp\/v2\/posts\/3024","targetHints":{"allow":["GET"]}}],"collection":[{"href":"http:\/\/fundaciolluiscoromina.org\/index.php\/wp-json\/wp\/v2\/posts"}],"about":[{"href":"http:\/\/fundaciolluiscoromina.org\/index.php\/wp-json\/wp\/v2\/types\/post"}],"author":[{"embeddable":true,"href":"http:\/\/fundaciolluiscoromina.org\/index.php\/wp-json\/wp\/v2\/users\/2"}],"replies":[{"embeddable":true,"href":"http:\/\/fundaciolluiscoromina.org\/index.php\/wp-json\/wp\/v2\/comments?post=3024"}],"version-history":[{"count":0,"href":"http:\/\/fundaciolluiscoromina.org\/index.php\/wp-json\/wp\/v2\/posts\/3024\/revisions"}],"wp:attachment":[{"href":"http:\/\/fundaciolluiscoromina.org\/index.php\/wp-json\/wp\/v2\/media?parent=3024"}],"wp:term":[{"taxonomy":"category","embeddable":true,"href":"http:\/\/fundaciolluiscoromina.org\/index.php\/wp-json\/wp\/v2\/categories?post=3024"},{"taxonomy":"post_tag","embeddable":true,"href":"http:\/\/fundaciolluiscoromina.org\/index.php\/wp-json\/wp\/v2\/tags?post=3024"}],"curies":[{"name":"wp","href":"https:\/\/api.w.org\/{rel}","templated":true}]}}