{"id":3034,"date":"2016-05-05T18:33:51","date_gmt":"2016-05-05T16:33:51","guid":{"rendered":"http:\/\/www.fundaciolluiscoromina.org\/?p=3034"},"modified":"2016-05-05T18:33:51","modified_gmt":"2016-05-05T16:33:51","slug":"lart-sonor-catala-a-la-revista-bonart","status":"publish","type":"post","link":"http:\/\/fundaciolluiscoromina.org\/index.php\/2016\/05\/05\/lart-sonor-catala-a-la-revista-bonart\/","title":{"rendered":"L&#8217;art sonor catal\u00e0 a la revista &#8216;Bonart&#8217;"},"content":{"rendered":"<p><em><span style=\"color: #999999;\">05\/05\/2016<\/span><\/em><\/p>\n<p>La revista <span class=\"hiddenSpellError\">Bonart<\/span> analitza la situaci\u00f3 de l&#8217;art sonor, especialment a Catalunya, amb un monogr\u00e0fic en qu\u00e8 s&#8217;explica la feina que duen a terme els <span class=\"hiddenSpellError\">cabosanroque<\/span>, el grup de m\u00fasica experimental que est\u00e0 instal\u00b7lat al Puntal de les arts de Banyoles, seu de la Fundaci\u00f3 Llu\u00eds Coromina.<\/p>\n<p><a href=\"http:\/\/www.elpuntavui.cat\/cultura\/article\/19-cultura\/964313-bonart-i-l-art-sonor-a-catalunya.html\">Enlla\u00e7 a la not\u00edcia del Puntavui<\/a><\/p>\n","protected":false},"excerpt":{"rendered":"<p>05\/05\/2016 La revista Bonart analitza la situaci\u00f3 de l&#8217;art sonor, especialment a Catalunya, amb un monogr\u00e0fic en qu\u00e8 s&#8217;explica la &#8230;<\/p>\n","protected":false},"author":2,"featured_media":3037,"comment_status":"open","ping_status":"open","sticky":false,"template":"","format":"standard","meta":{"footnotes":""},"categories":[14],"tags":[],"class_list":["post-3034","post","type-post","status-publish","format-standard","has-post-thumbnail","hentry","category-accions-culturals"],"_links":{"self":[{"href":"http:\/\/fundaciolluiscoromina.org\/index.php\/wp-json\/wp\/v2\/posts\/3034","targetHints":{"allow":["GET"]}}],"collection":[{"href":"http:\/\/fundaciolluiscoromina.org\/index.php\/wp-json\/wp\/v2\/posts"}],"about":[{"href":"http:\/\/fundaciolluiscoromina.org\/index.php\/wp-json\/wp\/v2\/types\/post"}],"author":[{"embeddable":true,"href":"http:\/\/fundaciolluiscoromina.org\/index.php\/wp-json\/wp\/v2\/users\/2"}],"replies":[{"embeddable":true,"href":"http:\/\/fundaciolluiscoromina.org\/index.php\/wp-json\/wp\/v2\/comments?post=3034"}],"version-history":[{"count":0,"href":"http:\/\/fundaciolluiscoromina.org\/index.php\/wp-json\/wp\/v2\/posts\/3034\/revisions"}],"wp:attachment":[{"href":"http:\/\/fundaciolluiscoromina.org\/index.php\/wp-json\/wp\/v2\/media?parent=3034"}],"wp:term":[{"taxonomy":"category","embeddable":true,"href":"http:\/\/fundaciolluiscoromina.org\/index.php\/wp-json\/wp\/v2\/categories?post=3034"},{"taxonomy":"post_tag","embeddable":true,"href":"http:\/\/fundaciolluiscoromina.org\/index.php\/wp-json\/wp\/v2\/tags?post=3034"}],"curies":[{"name":"wp","href":"https:\/\/api.w.org\/{rel}","templated":true}]}}