{"id":3041,"date":"2016-05-08T11:52:28","date_gmt":"2016-05-08T09:52:28","guid":{"rendered":"http:\/\/www.fundaciolluiscoromina.org\/?p=3041"},"modified":"2016-05-08T11:52:28","modified_gmt":"2016-05-08T09:52:28","slug":"indago-de-yurina-quintanas-rep-el-premi-arts-libris-de-la-fundacio-banc-de-sabadell","status":"publish","type":"post","link":"http:\/\/fundaciolluiscoromina.org\/index.php\/2016\/05\/08\/indago-de-yurina-quintanas-rep-el-premi-arts-libris-de-la-fundacio-banc-de-sabadell\/","title":{"rendered":"&#8216;Indago&#8217; de Yurian Quintanas, rep el premi Arts Libris de la Fundaci\u00f3 Banc de Sabadell"},"content":{"rendered":"<p>El llibre, publicat per <span class=\"hiddenSpellError\">ediciones<\/span> <span class=\"hiddenSpellError\">An\u00f3malas<\/span>, una editorial Barcelonina amb m\u00e9s de 15 d&#8217;anys d&#8217;experi\u00e8ncia en sector, i amb la col\u00b7laboraci\u00f3 de les editorials 77 i <span class=\"hiddenSpellError\">Witty<\/span> Kiwi ha comptat amb el suport de la Fundaci\u00f3 Llu\u00eds Coromina.<br \/>\nEs tracta d&#8217;un treball fotogr\u00e0fic basat en la contemplaci\u00f3 del medi natural i les seves formes. Amb imatges en blanc i negre, paisatges nocturns i natura, l&#8217;artista porta a l&#8217;espectador a reflexionar sobre l&#8217;aparen\u00e7a f\u00edsica de les coses i la relaci\u00f3 entre l&#8217;home i la natura en totes les seves aparences.<\/p>\n<p>En la seva setena edici\u00f3, Arts <span class=\"hiddenSpellError\">Libris<\/span>, la fira creada per la galerista <span class=\"hiddenSpellError\">Roc\u00edo<\/span> Santa <span class=\"hiddenSpellError\">Cruz<\/span>, es consolida conquistant no nom\u00e9s a experts sin\u00f3 al p\u00fablic general que l&#8217;any passat va superar les 12.000 visites.<\/p>\n","protected":false},"excerpt":{"rendered":"<p>El llibre, publicat per ediciones An\u00f3malas, una editorial Barcelonina amb m\u00e9s de 15 d&#8217;anys d&#8217;experi\u00e8ncia en sector, i amb la &#8230;<\/p>\n","protected":false},"author":2,"featured_media":3042,"comment_status":"open","ping_status":"open","sticky":false,"template":"","format":"standard","meta":{"footnotes":""},"categories":[10],"tags":[],"class_list":["post-3041","post","type-post","status-publish","format-standard","has-post-thumbnail","hentry","category-activitats"],"_links":{"self":[{"href":"http:\/\/fundaciolluiscoromina.org\/index.php\/wp-json\/wp\/v2\/posts\/3041","targetHints":{"allow":["GET"]}}],"collection":[{"href":"http:\/\/fundaciolluiscoromina.org\/index.php\/wp-json\/wp\/v2\/posts"}],"about":[{"href":"http:\/\/fundaciolluiscoromina.org\/index.php\/wp-json\/wp\/v2\/types\/post"}],"author":[{"embeddable":true,"href":"http:\/\/fundaciolluiscoromina.org\/index.php\/wp-json\/wp\/v2\/users\/2"}],"replies":[{"embeddable":true,"href":"http:\/\/fundaciolluiscoromina.org\/index.php\/wp-json\/wp\/v2\/comments?post=3041"}],"version-history":[{"count":0,"href":"http:\/\/fundaciolluiscoromina.org\/index.php\/wp-json\/wp\/v2\/posts\/3041\/revisions"}],"wp:attachment":[{"href":"http:\/\/fundaciolluiscoromina.org\/index.php\/wp-json\/wp\/v2\/media?parent=3041"}],"wp:term":[{"taxonomy":"category","embeddable":true,"href":"http:\/\/fundaciolluiscoromina.org\/index.php\/wp-json\/wp\/v2\/categories?post=3041"},{"taxonomy":"post_tag","embeddable":true,"href":"http:\/\/fundaciolluiscoromina.org\/index.php\/wp-json\/wp\/v2\/tags?post=3041"}],"curies":[{"name":"wp","href":"https:\/\/api.w.org\/{rel}","templated":true}]}}