{"id":306,"date":"2011-05-16T08:17:59","date_gmt":"2011-05-16T08:17:59","guid":{"rendered":"http:\/\/espaieatart.wordpress.com\/?p=306"},"modified":"2011-05-16T08:17:59","modified_gmt":"2011-05-16T08:17:59","slug":"lluis-vila-showroom","status":"publish","type":"post","link":"http:\/\/fundaciolluiscoromina.org\/index.php\/2011\/05\/16\/lluis-vila-showroom\/","title":{"rendered":"Llu\u00eds Vil\u00e0 Showroom, un nou espai d&#8217;art per Banyoles"},"content":{"rendered":"<p style=\"text-align:justify;\"><a href=\"http:\/\/espaieatart.files.wordpress.com\/2011\/05\/showroom-ll-v-x-blog.jpg\"><img loading=\"lazy\" decoding=\"async\" class=\"aligncenter size-large wp-image-307\" title=\"showroom LL.V x blog\" src=\"http:\/\/espaieatart.files.wordpress.com\/2011\/05\/showroom-ll-v-x-blog.jpg?w=1024\" alt=\"\" width=\"1024\" height=\"400\" \/><\/a>El nou showroom de l&#8217;artista, al Puntal d&#8217;Arts de Banyoles, c\/Girona 155. En aquesta primera presentaci\u00f3 que es va fer el mes de maig 2011, Josep Lagares, director de Metalqu\u00edmia i amic de l&#8217;artista, va ser l&#8217;encarregat d&#8217;iniciar les activitats de la nova sala amb una confer\u00e8ncia sobre la \u00abCreativaci\u00f3\u00bb.<\/p>\n<p style=\"text-align:left;\"><em>Exposici\u00f3, venta, visionat de les obres a hores convingudes\u00a0\u00a0\u00a0\u00a0\u00a0\u00a0\u00a0\u00a0\u00a0\u00a0\u00a0\u00a0\u00a0\u00a0\u00a0\u00a0\u00a0\u00a0\u00a0\u00a0\u00a0\u00a0\u00a0\u00a0\u00a0\u00a0\u00a0\u00a0\u00a0\u00a0\u00a0\u00a0\u00a0\u00a0\u00a0\u00a0\u00a0\u00a0\u00a0\u00a0\u00a0\u00a0\u00a0\u00a0\u00a0\u00a0\u00a0\u00a0\u00a0\u00a0\u00a0\u00a0\u00a0\u00a0 als tel\u00e8fons 972 575 229 i 972 583 477<\/em><\/p>\n","protected":false},"excerpt":{"rendered":"<p>El nou showroom de l&#8217;artista, al Puntal d&#8217;Arts de Banyoles, c\/Girona 155. En aquesta primera presentaci\u00f3 que es va fer &#8230;<\/p>\n","protected":false},"author":1,"featured_media":307,"comment_status":"open","ping_status":"open","sticky":false,"template":"","format":"standard","meta":{"footnotes":""},"categories":[9],"tags":[],"class_list":["post-306","post","type-post","status-publish","format-standard","has-post-thumbnail","hentry","category-historic"],"_links":{"self":[{"href":"http:\/\/fundaciolluiscoromina.org\/index.php\/wp-json\/wp\/v2\/posts\/306","targetHints":{"allow":["GET"]}}],"collection":[{"href":"http:\/\/fundaciolluiscoromina.org\/index.php\/wp-json\/wp\/v2\/posts"}],"about":[{"href":"http:\/\/fundaciolluiscoromina.org\/index.php\/wp-json\/wp\/v2\/types\/post"}],"author":[{"embeddable":true,"href":"http:\/\/fundaciolluiscoromina.org\/index.php\/wp-json\/wp\/v2\/users\/1"}],"replies":[{"embeddable":true,"href":"http:\/\/fundaciolluiscoromina.org\/index.php\/wp-json\/wp\/v2\/comments?post=306"}],"version-history":[{"count":0,"href":"http:\/\/fundaciolluiscoromina.org\/index.php\/wp-json\/wp\/v2\/posts\/306\/revisions"}],"wp:attachment":[{"href":"http:\/\/fundaciolluiscoromina.org\/index.php\/wp-json\/wp\/v2\/media?parent=306"}],"wp:term":[{"taxonomy":"category","embeddable":true,"href":"http:\/\/fundaciolluiscoromina.org\/index.php\/wp-json\/wp\/v2\/categories?post=306"},{"taxonomy":"post_tag","embeddable":true,"href":"http:\/\/fundaciolluiscoromina.org\/index.php\/wp-json\/wp\/v2\/tags?post=306"}],"curies":[{"name":"wp","href":"https:\/\/api.w.org\/{rel}","templated":true}]}}