{"id":3064,"date":"2016-06-05T11:56:41","date_gmt":"2016-06-05T09:56:41","guid":{"rendered":"http:\/\/www.fundaciolluiscoromina.org\/?p=3064"},"modified":"2016-06-05T11:56:41","modified_gmt":"2016-06-05T09:56:41","slug":"mostra-de-bonsais-a-la-fundacio-lluis-coromina-espai-eat-art-coincidint-amb-la-39a-exposicio-de-flors-de-banyoles","status":"publish","type":"post","link":"http:\/\/fundaciolluiscoromina.org\/index.php\/2016\/06\/05\/mostra-de-bonsais-a-la-fundacio-lluis-coromina-espai-eat-art-coincidint-amb-la-39a-exposicio-de-flors-de-banyoles\/","title":{"rendered":"Mostra de Bonsais a la Fundaci\u00f3 Llu\u00eds Coromina &#8211; Espai Eat Art, coincidint amb la 39a Exposici\u00f3 de Flors de Banyoles."},"content":{"rendered":"<p>La Fundaci\u00f3 LLu\u00eds Coromina &#8211; Espai Eat Art ha acollit la mostra de Bonsais que organitza el \u201cGrup de Bonsai Pla de l\u2019Estany\u201d, els dies 3, 4 i 5 de juny, coincidint amb la 39a Exposici\u00f3 de Flors de Banyoles.<\/p>\n<p>Enguany han presentat un espai monogr\u00e0fic que ha complementat la mostra amb uns quants dels millors bonsais del coleccionista Eduard Serra de Sant Pau de Seg\u00faries.<\/p>\n<p><a href=\"http:\/\/www.fundaciolluiscoromina.org\/wp-content\/uploads\/2016\/06\/IMG-20160604-WA0017.jpg\"><img loading=\"lazy\" decoding=\"async\" class=\"alignnone size-large wp-image-3065\" src=\"http:\/\/www.fundaciolluiscoromina.org\/wp-content\/uploads\/2016\/06\/IMG-20160604-WA0017-1024x768.jpg\" alt=\"IMG-20160604-WA0017\" width=\"1024\" height=\"768\" \/><\/a><a href=\"http:\/\/www.fundaciolluiscoromina.org\/wp-content\/uploads\/2016\/06\/IMG-20160605-WA0002.jpg\"><img loading=\"lazy\" decoding=\"async\" class=\"alignnone size-large wp-image-3069\" src=\"http:\/\/www.fundaciolluiscoromina.org\/wp-content\/uploads\/2016\/06\/IMG-20160605-WA0002-768x1024.jpg\" alt=\"IMG-20160605-WA0002\" width=\"768\" height=\"1024\" \/><\/a> <a href=\"http:\/\/www.fundaciolluiscoromina.org\/wp-content\/uploads\/2016\/06\/IMG-20160604-WA0020.jpg\"><img loading=\"lazy\" decoding=\"async\" class=\"alignnone size-large wp-image-3068\" src=\"http:\/\/www.fundaciolluiscoromina.org\/wp-content\/uploads\/2016\/06\/IMG-20160604-WA0020-1024x768.jpg\" alt=\"IMG-20160604-WA0020\" width=\"1024\" height=\"768\" \/><\/a> <a href=\"http:\/\/www.fundaciolluiscoromina.org\/wp-content\/uploads\/2016\/06\/IMG-20160604-WA0018.jpg\"><img loading=\"lazy\" decoding=\"async\" class=\"alignnone size-large wp-image-3066\" src=\"http:\/\/www.fundaciolluiscoromina.org\/wp-content\/uploads\/2016\/06\/IMG-20160604-WA0018-1024x768.jpg\" alt=\"IMG-20160604-WA0018\" width=\"1024\" height=\"768\" \/><\/a><\/p>\n","protected":false},"excerpt":{"rendered":"<p>La Fundaci\u00f3 LLu\u00eds Coromina &#8211; Espai Eat Art ha acollit la mostra de Bonsais que organitza el \u201cGrup de Bonsai &#8230;<\/p>\n","protected":false},"author":2,"featured_media":3067,"comment_status":"open","ping_status":"open","sticky":false,"template":"","format":"standard","meta":{"footnotes":""},"categories":[10],"tags":[],"class_list":["post-3064","post","type-post","status-publish","format-standard","has-post-thumbnail","hentry","category-activitats"],"_links":{"self":[{"href":"http:\/\/fundaciolluiscoromina.org\/index.php\/wp-json\/wp\/v2\/posts\/3064","targetHints":{"allow":["GET"]}}],"collection":[{"href":"http:\/\/fundaciolluiscoromina.org\/index.php\/wp-json\/wp\/v2\/posts"}],"about":[{"href":"http:\/\/fundaciolluiscoromina.org\/index.php\/wp-json\/wp\/v2\/types\/post"}],"author":[{"embeddable":true,"href":"http:\/\/fundaciolluiscoromina.org\/index.php\/wp-json\/wp\/v2\/users\/2"}],"replies":[{"embeddable":true,"href":"http:\/\/fundaciolluiscoromina.org\/index.php\/wp-json\/wp\/v2\/comments?post=3064"}],"version-history":[{"count":0,"href":"http:\/\/fundaciolluiscoromina.org\/index.php\/wp-json\/wp\/v2\/posts\/3064\/revisions"}],"wp:attachment":[{"href":"http:\/\/fundaciolluiscoromina.org\/index.php\/wp-json\/wp\/v2\/media?parent=3064"}],"wp:term":[{"taxonomy":"category","embeddable":true,"href":"http:\/\/fundaciolluiscoromina.org\/index.php\/wp-json\/wp\/v2\/categories?post=3064"},{"taxonomy":"post_tag","embeddable":true,"href":"http:\/\/fundaciolluiscoromina.org\/index.php\/wp-json\/wp\/v2\/tags?post=3064"}],"curies":[{"name":"wp","href":"https:\/\/api.w.org\/{rel}","templated":true}]}}