{"id":3103,"date":"2016-06-21T20:16:29","date_gmt":"2016-06-21T18:16:29","guid":{"rendered":"http:\/\/www.fundaciolluiscoromina.org\/?p=3103"},"modified":"2016-06-21T20:16:29","modified_gmt":"2016-06-21T18:16:29","slug":"carles-fontsere-taula-rodona-a-la-biblioteca-de-porqueres","status":"publish","type":"post","link":"http:\/\/fundaciolluiscoromina.org\/index.php\/2016\/06\/21\/carles-fontsere-taula-rodona-a-la-biblioteca-de-porqueres\/","title":{"rendered":"Taula rodona sobre Carles Fontser\u00e8 a la Biblioteca de Porqueres"},"content":{"rendered":"<p>Divendres es va celebrar a la Biblioteca de Porqueres, una taula rodona a c\u00e0rrec de diverses personalitats properes a l&#8217;artista i a la persona de Carles Fontser\u00e8. Victor Gay, Enric Fontser\u00e8, Manel Serra, Jaume F\u00e0brega, Ricard Planas, s\u00f3n algunes de les persones, lligades al m\u00f3n de l&#8217;art i la comunicaci\u00f3, que van participar en aquesta trobada, emmarcada dins les activitats del centenari del naixement de l&#8217;artista.<\/p>\n<p>http:\/\/www.carlesfontsere.cat\/<\/p>\n<p><a href=\"http:\/\/www.fundaciolluiscoromina.org\/wp-content\/uploads\/2016\/06\/MG_4940.jpg\"><img loading=\"lazy\" decoding=\"async\" class=\"alignnone size-large wp-image-3106\" src=\"http:\/\/www.fundaciolluiscoromina.org\/wp-content\/uploads\/2016\/06\/MG_4940-1024x683.jpg\" alt=\"_MG_4940\" width=\"1024\" height=\"683\" \/><\/a> <a href=\"http:\/\/www.fundaciolluiscoromina.org\/wp-content\/uploads\/2016\/06\/MG_4936.jpg\"><img loading=\"lazy\" decoding=\"async\" class=\"alignnone size-large wp-image-3104\" src=\"http:\/\/www.fundaciolluiscoromina.org\/wp-content\/uploads\/2016\/06\/MG_4936-1024x683.jpg\" alt=\"_MG_4936\" width=\"1024\" height=\"683\" \/><\/a><\/p>\n","protected":false},"excerpt":{"rendered":"<p>Divendres es va celebrar a la Biblioteca de Porqueres, una taula rodona a c\u00e0rrec de diverses personalitats properes a l&#8217;artista &#8230;<\/p>\n","protected":false},"author":2,"featured_media":3105,"comment_status":"open","ping_status":"open","sticky":false,"template":"","format":"standard","meta":{"footnotes":""},"categories":[10],"tags":[],"class_list":["post-3103","post","type-post","status-publish","format-standard","has-post-thumbnail","hentry","category-activitats"],"_links":{"self":[{"href":"http:\/\/fundaciolluiscoromina.org\/index.php\/wp-json\/wp\/v2\/posts\/3103","targetHints":{"allow":["GET"]}}],"collection":[{"href":"http:\/\/fundaciolluiscoromina.org\/index.php\/wp-json\/wp\/v2\/posts"}],"about":[{"href":"http:\/\/fundaciolluiscoromina.org\/index.php\/wp-json\/wp\/v2\/types\/post"}],"author":[{"embeddable":true,"href":"http:\/\/fundaciolluiscoromina.org\/index.php\/wp-json\/wp\/v2\/users\/2"}],"replies":[{"embeddable":true,"href":"http:\/\/fundaciolluiscoromina.org\/index.php\/wp-json\/wp\/v2\/comments?post=3103"}],"version-history":[{"count":0,"href":"http:\/\/fundaciolluiscoromina.org\/index.php\/wp-json\/wp\/v2\/posts\/3103\/revisions"}],"wp:attachment":[{"href":"http:\/\/fundaciolluiscoromina.org\/index.php\/wp-json\/wp\/v2\/media?parent=3103"}],"wp:term":[{"taxonomy":"category","embeddable":true,"href":"http:\/\/fundaciolluiscoromina.org\/index.php\/wp-json\/wp\/v2\/categories?post=3103"},{"taxonomy":"post_tag","embeddable":true,"href":"http:\/\/fundaciolluiscoromina.org\/index.php\/wp-json\/wp\/v2\/tags?post=3103"}],"curies":[{"name":"wp","href":"https:\/\/api.w.org\/{rel}","templated":true}]}}