{"id":3109,"date":"2016-06-21T20:55:57","date_gmt":"2016-06-21T18:55:57","guid":{"rendered":"http:\/\/www.fundaciolluiscoromina.org\/?p=3109"},"modified":"2016-06-21T20:55:57","modified_gmt":"2016-06-21T18:55:57","slug":"inauguracio-de-lexposicio-la-veu-dels-sense-veu-a-la-fundacio-lluis-coromina-espai-eat-art","status":"publish","type":"post","link":"http:\/\/fundaciolluiscoromina.org\/index.php\/2016\/06\/21\/inauguracio-de-lexposicio-la-veu-dels-sense-veu-a-la-fundacio-lluis-coromina-espai-eat-art\/","title":{"rendered":"Inauguraci\u00f3 de l&#8217;exposici\u00f3 &#8216;La veu dels sense veu&#8217; a la Fundaci\u00f3 Llu\u00eds Coromina &#8211; Espai Eat Art"},"content":{"rendered":"<p>Imatges de la inauguraci\u00f3 de \u2018La veu dels sense veu\u2019, exposici\u00f3 a c\u00e0rrec de <a class=\"profileLink\" href=\"https:\/\/www.facebook.com\/Obrador-BNY-1635379143361203\/\" data-hovercard=\"\/ajax\/hovercard\/page.php?id=1635379143361203\">Obrador BNY<\/a>, al voltant de quatre curtmetratges que aborden, des d\u2019un punt de vista creatiu i cr\u00edtic, la immigraci\u00f3, els desnonaments, la viol\u00e8ncia de g\u00e8nere i la vellesa. Es podr\u00e0 vistar fins al 30 de juliol. Recordeu que els horaris de la Fundaci\u00f3 Coromina &#8211; Espai Eat Art s\u00f3n:<br \/>\nDimecres: d\u201911:30 h a 14 h<br \/>\nDijous i divendres: de 16:30 h a 20:30 h<br \/>\nDissabtes: d\u201911:30 h a 14 h i de 16:30 h a 20:30 h<br \/>\nD<span class=\"text_exposed_show\">iumenge 26 de juny: d\u201911:30 h a 14 h i de 16:30 h a 20:30 h.<\/span><\/p>\n<p>Fotos: Pere Duran<\/p>\n<div id=\"attachment_3116\" style=\"width: 1034px\" class=\"wp-caption alignnone\"><a href=\"http:\/\/www.fundaciolluiscoromina.org\/wp-content\/uploads\/2016\/06\/In-Obrador-P7.jpg\"><img loading=\"lazy\" decoding=\"async\" aria-describedby=\"caption-attachment-3116\" class=\"size-large wp-image-3116\" src=\"http:\/\/www.fundaciolluiscoromina.org\/wp-content\/uploads\/2016\/06\/In-Obrador-P7-1024x683.jpg\" alt=\"Inauguraci\u00f3 exposici\u00f3 La Veu dels Sense veu, del col.lectiu L'Obrador Bny a l'Espai Eat Art. PERE DURAN \/ NORD MEDIA\" width=\"1024\" height=\"683\" \/><\/a><p id=\"caption-attachment-3116\" class=\"wp-caption-text\">Inauguraci\u00f3 exposici\u00f3 La Veu dels Sense veu, del col.lectiu L&#8217;Obrador Bny a l&#8217;Espai Eat Art. PERE DURAN \/ NORD MEDIA<\/p><\/div>\n<div id=\"attachment_3122\" style=\"width: 1034px\" class=\"wp-caption alignnone\"><a href=\"http:\/\/www.fundaciolluiscoromina.org\/wp-content\/uploads\/2016\/06\/In-Obrador-P13.jpg\"><img loading=\"lazy\" decoding=\"async\" aria-describedby=\"caption-attachment-3122\" class=\"size-large wp-image-3122\" src=\"http:\/\/www.fundaciolluiscoromina.org\/wp-content\/uploads\/2016\/06\/In-Obrador-P13-1024x683.jpg\" alt=\"Inauguraci\u00f3 exposici\u00f3 La Veu dels Sense veu, del col.lectiu L'Obrador Bny a l'Espai Eat Art. PERE DURAN \/ NORD MEDIA\" width=\"1024\" height=\"683\" \/><\/a><p id=\"caption-attachment-3122\" class=\"wp-caption-text\">Inauguraci\u00f3 exposici\u00f3 La Veu dels Sense veu, del col.lectiu L&#8217;Obrador Bny a l&#8217;Espai Eat Art. PERE DURAN \/ NORD MEDIA<\/p><\/div>\n<div id=\"attachment_3121\" style=\"width: 1034px\" class=\"wp-caption alignnone\"><a href=\"http:\/\/www.fundaciolluiscoromina.org\/wp-content\/uploads\/2016\/06\/In-Obrador-p12.jpg\"><img loading=\"lazy\" decoding=\"async\" aria-describedby=\"caption-attachment-3121\" class=\"size-large wp-image-3121\" src=\"http:\/\/www.fundaciolluiscoromina.org\/wp-content\/uploads\/2016\/06\/In-Obrador-p12-1024x683.jpg\" alt=\"Inauguraci\u00f3 exposici\u00f3 La Veu dels Sense veu, del col.lectiu L'Obrador Bny a l'Espai Eat Art. PERE DURAN \/ NORD MEDIA\" width=\"1024\" height=\"683\" \/><\/a><p id=\"caption-attachment-3121\" class=\"wp-caption-text\">Inauguraci\u00f3 exposici\u00f3 La Veu dels Sense veu, del col.lectiu L&#8217;Obrador Bny a l&#8217;Espai Eat Art. PERE DURAN \/ NORD MEDIA<\/p><\/div>\n<div id=\"attachment_3120\" style=\"width: 1034px\" class=\"wp-caption alignnone\"><a href=\"http:\/\/www.fundaciolluiscoromina.org\/wp-content\/uploads\/2016\/06\/In-Obrador-P11.jpg\"><img loading=\"lazy\" decoding=\"async\" aria-describedby=\"caption-attachment-3120\" class=\"size-large wp-image-3120\" src=\"http:\/\/www.fundaciolluiscoromina.org\/wp-content\/uploads\/2016\/06\/In-Obrador-P11-1024x683.jpg\" alt=\"Inauguraci\u00f3 exposici\u00f3 La Veu dels Sense veu, del col.lectiu L'Obrador Bny a l'Espai Eat Art. PERE DURAN \/ NORD MEDIA\" width=\"1024\" height=\"683\" \/><\/a><p id=\"caption-attachment-3120\" class=\"wp-caption-text\">Inauguraci\u00f3 exposici\u00f3 La Veu dels Sense veu, del col.lectiu L&#8217;Obrador Bny a l&#8217;Espai Eat Art. PERE DURAN \/ NORD MEDIA<\/p><\/div>\n<div id=\"attachment_3119\" style=\"width: 1034px\" class=\"wp-caption alignnone\"><a href=\"http:\/\/www.fundaciolluiscoromina.org\/wp-content\/uploads\/2016\/06\/In-Obrador-P10.jpg\"><img loading=\"lazy\" decoding=\"async\" aria-describedby=\"caption-attachment-3119\" class=\"size-large wp-image-3119\" src=\"http:\/\/www.fundaciolluiscoromina.org\/wp-content\/uploads\/2016\/06\/In-Obrador-P10-1024x683.jpg\" alt=\"Inauguraci\u00f3 exposici\u00f3 La Veu dels Sense veu, del col.lectiu L'Obrador Bny a l'Espai Eat Art. PERE DURAN \/ NORD MEDIA\" width=\"1024\" height=\"683\" \/><\/a><p id=\"caption-attachment-3119\" class=\"wp-caption-text\">Inauguraci\u00f3 exposici\u00f3 La Veu dels Sense veu, del col.lectiu L&#8217;Obrador Bny a l&#8217;Espai Eat Art. PERE DURAN \/ NORD MEDIA<\/p><\/div>\n<div id=\"attachment_3118\" style=\"width: 1034px\" class=\"wp-caption alignnone\"><a href=\"http:\/\/www.fundaciolluiscoromina.org\/wp-content\/uploads\/2016\/06\/In-Obrador-P9.jpg\"><img loading=\"lazy\" decoding=\"async\" aria-describedby=\"caption-attachment-3118\" class=\"size-large wp-image-3118\" src=\"http:\/\/www.fundaciolluiscoromina.org\/wp-content\/uploads\/2016\/06\/In-Obrador-P9-1024x683.jpg\" alt=\"Inauguraci\u00f3 exposici\u00f3 La Veu dels Sense veu, del col.lectiu L'Obrador Bny a l'Espai Eat Art. PERE DURAN \/ NORD MEDIA\" width=\"1024\" height=\"683\" \/><\/a><p id=\"caption-attachment-3118\" class=\"wp-caption-text\">Inauguraci\u00f3 exposici\u00f3 La Veu dels Sense veu, del col.lectiu L&#8217;Obrador Bny a l&#8217;Espai Eat Art. PERE DURAN \/ NORD MEDIA<\/p><\/div>\n<div id=\"attachment_3117\" style=\"width: 693px\" class=\"wp-caption alignnone\"><a href=\"http:\/\/www.fundaciolluiscoromina.org\/wp-content\/uploads\/2016\/06\/In-Obrador-P8.jpg\"><img loading=\"lazy\" decoding=\"async\" aria-describedby=\"caption-attachment-3117\" class=\"size-large wp-image-3117\" src=\"http:\/\/www.fundaciolluiscoromina.org\/wp-content\/uploads\/2016\/06\/In-Obrador-P8-683x1024.jpg\" alt=\"Inauguraci\u00f3 exposici\u00f3 La Veu dels Sense veu, del col.lectiu L'Obrador Bny a l'Espai Eat Art. PERE DURAN \/ NORD MEDIA\" width=\"683\" height=\"1024\" \/><\/a><p id=\"caption-attachment-3117\" class=\"wp-caption-text\">Inauguraci\u00f3 exposici\u00f3 La Veu dels Sense veu, del col.lectiu L&#8217;Obrador Bny a l&#8217;Espai Eat Art. PERE DURAN \/ NORD MEDIA<\/p><\/div>\n<div id=\"attachment_3115\" style=\"width: 1034px\" class=\"wp-caption alignnone\"><a href=\"http:\/\/www.fundaciolluiscoromina.org\/wp-content\/uploads\/2016\/06\/In-Obrador-P6.jpg\"><img loading=\"lazy\" decoding=\"async\" aria-describedby=\"caption-attachment-3115\" class=\"size-large wp-image-3115\" src=\"http:\/\/www.fundaciolluiscoromina.org\/wp-content\/uploads\/2016\/06\/In-Obrador-P6-1024x683.jpg\" alt=\"Inauguraci\u00f3 exposici\u00f3 La Veu dels Sense veu, del col.lectiu L'Obrador Bny a l'Espai Eat Art. PERE DURAN \/ NORD MEDIA\" width=\"1024\" height=\"683\" \/><\/a><p id=\"caption-attachment-3115\" class=\"wp-caption-text\">Inauguraci\u00f3 exposici\u00f3 La Veu dels Sense veu, del col.lectiu L&#8217;Obrador Bny a l&#8217;Espai Eat Art. PERE DURAN \/ NORD MEDIA<\/p><\/div>\n<div id=\"attachment_3114\" style=\"width: 1034px\" class=\"wp-caption alignnone\"><a href=\"http:\/\/www.fundaciolluiscoromina.org\/wp-content\/uploads\/2016\/06\/In-Obrador-P5.jpg\"><img loading=\"lazy\" decoding=\"async\" aria-describedby=\"caption-attachment-3114\" class=\"size-large wp-image-3114\" src=\"http:\/\/www.fundaciolluiscoromina.org\/wp-content\/uploads\/2016\/06\/In-Obrador-P5-1024x683.jpg\" alt=\"Inauguraci\u00f3 exposici\u00f3 La Veu dels Sense veu, del col.lectiu L'Obrador Bny a l'Espai Eat Art. PERE DURAN \/ NORD MEDIA\" width=\"1024\" height=\"683\" \/><\/a><p id=\"caption-attachment-3114\" class=\"wp-caption-text\">Inauguraci\u00f3 exposici\u00f3 La Veu dels Sense veu, del col.lectiu L&#8217;Obrador Bny a l&#8217;Espai Eat Art. PERE DURAN \/ NORD MEDIA<\/p><\/div>\n<div id=\"attachment_3113\" style=\"width: 1034px\" class=\"wp-caption alignnone\"><a href=\"http:\/\/www.fundaciolluiscoromina.org\/wp-content\/uploads\/2016\/06\/In-Obrador-P4.jpg\"><img loading=\"lazy\" decoding=\"async\" aria-describedby=\"caption-attachment-3113\" class=\"size-large wp-image-3113\" src=\"http:\/\/www.fundaciolluiscoromina.org\/wp-content\/uploads\/2016\/06\/In-Obrador-P4-1024x683.jpg\" alt=\"Inauguraci\u00f3 exposici\u00f3 La Veu dels Sense veu, del col.lectiu L'Obrador Bny a l'Espai Eat Art. PERE DURAN \/ NORD MEDIA\" width=\"1024\" height=\"683\" \/><\/a><p id=\"caption-attachment-3113\" class=\"wp-caption-text\">Inauguraci\u00f3 exposici\u00f3 La Veu dels Sense veu, del col.lectiu L&#8217;Obrador Bny a l&#8217;Espai Eat Art. PERE DURAN \/ NORD MEDIA<\/p><\/div>\n<div id=\"attachment_3112\" style=\"width: 1034px\" class=\"wp-caption alignnone\"><a href=\"http:\/\/www.fundaciolluiscoromina.org\/wp-content\/uploads\/2016\/06\/In-Obrador-P3.jpg\"><img loading=\"lazy\" decoding=\"async\" aria-describedby=\"caption-attachment-3112\" class=\"size-large wp-image-3112\" src=\"http:\/\/www.fundaciolluiscoromina.org\/wp-content\/uploads\/2016\/06\/In-Obrador-P3-1024x683.jpg\" alt=\"Inauguraci\u00f3 exposici\u00f3 La Veu dels Sense veu, del col.lectiu L'Obrador Bny a l'Espai Eat Art. PERE DURAN \/ NORD MEDIA\" width=\"1024\" height=\"683\" \/><\/a><p id=\"caption-attachment-3112\" class=\"wp-caption-text\">Inauguraci\u00f3 exposici\u00f3 La Veu dels Sense veu, del col.lectiu L&#8217;Obrador Bny a l&#8217;Espai Eat Art. PERE DURAN \/ NORD MEDIA<\/p><\/div>\n<div id=\"attachment_3111\" style=\"width: 1034px\" class=\"wp-caption alignnone\"><a href=\"http:\/\/www.fundaciolluiscoromina.org\/wp-content\/uploads\/2016\/06\/In-Obrador-P2.jpg\"><img loading=\"lazy\" decoding=\"async\" aria-describedby=\"caption-attachment-3111\" class=\"size-large wp-image-3111\" src=\"http:\/\/www.fundaciolluiscoromina.org\/wp-content\/uploads\/2016\/06\/In-Obrador-P2-1024x683.jpg\" alt=\"Inauguraci\u00f3 exposici\u00f3 La Veu dels Sense veu, del col.lectiu L'Obrador Bny a l'Espai Eat Art. PERE DURAN \/ NORD MEDIA\" width=\"1024\" height=\"683\" \/><\/a><p id=\"caption-attachment-3111\" class=\"wp-caption-text\">Inauguraci\u00f3 exposici\u00f3 La Veu dels Sense veu, del col.lectiu L&#8217;Obrador Bny a l&#8217;Espai Eat Art. PERE DURAN \/ NORD MEDIA<\/p><\/div>\n<div id=\"attachment_3110\" style=\"width: 1034px\" class=\"wp-caption alignnone\"><a href=\"http:\/\/www.fundaciolluiscoromina.org\/wp-content\/uploads\/2016\/06\/In-Obrador-P1.jpg\"><img loading=\"lazy\" decoding=\"async\" aria-describedby=\"caption-attachment-3110\" class=\"size-large wp-image-3110\" src=\"http:\/\/www.fundaciolluiscoromina.org\/wp-content\/uploads\/2016\/06\/In-Obrador-P1-1024x683.jpg\" alt=\"Inauguraci\u00f3 exposici\u00f3 La Veu dels Sense veu, del col.lectiu L'Obrador Bny a l'Espai Eat Art. PERE DURAN \/ NORD MEDIA\" width=\"1024\" height=\"683\" \/><\/a><p id=\"caption-attachment-3110\" class=\"wp-caption-text\">Inauguraci\u00f3 exposici\u00f3 La Veu dels Sense veu, del col.lectiu L&#8217;Obrador Bny a l&#8217;Espai Eat Art. PERE DURAN \/ NORD MEDIA<\/p><\/div>\n","protected":false},"excerpt":{"rendered":"<p>Imatges de la inauguraci\u00f3 de \u2018La veu dels sense veu\u2019, exposici\u00f3 a c\u00e0rrec de Obrador BNY, al voltant de quatre &#8230;<\/p>\n","protected":false},"author":2,"featured_media":3123,"comment_status":"open","ping_status":"open","sticky":false,"template":"","format":"standard","meta":{"footnotes":""},"categories":[10],"tags":[],"class_list":["post-3109","post","type-post","status-publish","format-standard","has-post-thumbnail","hentry","category-activitats"],"_links":{"self":[{"href":"http:\/\/fundaciolluiscoromina.org\/index.php\/wp-json\/wp\/v2\/posts\/3109","targetHints":{"allow":["GET"]}}],"collection":[{"href":"http:\/\/fundaciolluiscoromina.org\/index.php\/wp-json\/wp\/v2\/posts"}],"about":[{"href":"http:\/\/fundaciolluiscoromina.org\/index.php\/wp-json\/wp\/v2\/types\/post"}],"author":[{"embeddable":true,"href":"http:\/\/fundaciolluiscoromina.org\/index.php\/wp-json\/wp\/v2\/users\/2"}],"replies":[{"embeddable":true,"href":"http:\/\/fundaciolluiscoromina.org\/index.php\/wp-json\/wp\/v2\/comments?post=3109"}],"version-history":[{"count":0,"href":"http:\/\/fundaciolluiscoromina.org\/index.php\/wp-json\/wp\/v2\/posts\/3109\/revisions"}],"wp:attachment":[{"href":"http:\/\/fundaciolluiscoromina.org\/index.php\/wp-json\/wp\/v2\/media?parent=3109"}],"wp:term":[{"taxonomy":"category","embeddable":true,"href":"http:\/\/fundaciolluiscoromina.org\/index.php\/wp-json\/wp\/v2\/categories?post=3109"},{"taxonomy":"post_tag","embeddable":true,"href":"http:\/\/fundaciolluiscoromina.org\/index.php\/wp-json\/wp\/v2\/tags?post=3109"}],"curies":[{"name":"wp","href":"https:\/\/api.w.org\/{rel}","templated":true}]}}