{"id":3127,"date":"2016-07-03T19:14:22","date_gmt":"2016-07-03T17:14:22","guid":{"rendered":"http:\/\/www.fundaciolluiscoromina.org\/?p=3127"},"modified":"2016-07-03T19:14:22","modified_gmt":"2016-07-03T17:14:22","slug":"presentacio-del-llibre-un-moment-fundacional-del-conseller-santi-vila","status":"publish","type":"post","link":"http:\/\/fundaciolluiscoromina.org\/index.php\/2016\/07\/03\/presentacio-del-llibre-un-moment-fundacional-del-conseller-santi-vila\/","title":{"rendered":"Presentaci\u00f3 del llibre &#8216;Un moment fundacional&#8217;"},"content":{"rendered":"<p>Presentaci\u00f3 del llibre &#8216;Un moment fundacional&#8217; de l&#8217;actual Conseller de Cultura, Santi Vila, que va tenir lloc a la Fundaci\u00f3 Llu\u00eds Coromina.<\/p>\n<p>En aquest llibre, el conseller exposa la seva visi\u00f3 de la societat actual, des de l&#8217;experi\u00e8ncia com a alcalde de Figueres i conseller de Territori de la Generalitat amb viv\u00e8ncies i altres an\u00e8cdotes personals que il\u00b7lustren una publicaci\u00f3 que, segons l&#8217;autor \u00e9s una aposta de reforma feta des de l&#8217;optimisme.<\/p>\n<p><a href=\"http:\/\/www.fundaciolluiscoromina.org\/wp-content\/uploads\/2016\/07\/IMG-20160627-WA0007.jpg\"><img loading=\"lazy\" decoding=\"async\" class=\"alignnone size-large wp-image-3128\" src=\"http:\/\/www.fundaciolluiscoromina.org\/wp-content\/uploads\/2016\/07\/IMG-20160627-WA0007-1024x768.jpg\" alt=\"IMG-20160627-WA0007\" width=\"1024\" height=\"768\" \/><\/a> <a href=\"http:\/\/www.fundaciolluiscoromina.org\/wp-content\/uploads\/2016\/07\/IMG-20160627-WA0009.jpg\"><img loading=\"lazy\" decoding=\"async\" class=\"alignnone size-large wp-image-3130\" src=\"http:\/\/www.fundaciolluiscoromina.org\/wp-content\/uploads\/2016\/07\/IMG-20160627-WA0009-1024x768.jpg\" alt=\"IMG-20160627-WA0009\" width=\"1024\" height=\"768\" \/><\/a><\/p>\n","protected":false},"excerpt":{"rendered":"<p>Presentaci\u00f3 del llibre &#8216;Un moment fundacional&#8217; de l&#8217;actual Conseller de Cultura, Santi Vila, que va tenir lloc a la Fundaci\u00f3 &#8230;<\/p>\n","protected":false},"author":2,"featured_media":0,"comment_status":"open","ping_status":"open","sticky":false,"template":"","format":"standard","meta":{"footnotes":""},"categories":[10],"tags":[],"class_list":["post-3127","post","type-post","status-publish","format-standard","hentry","category-activitats"],"_links":{"self":[{"href":"http:\/\/fundaciolluiscoromina.org\/index.php\/wp-json\/wp\/v2\/posts\/3127","targetHints":{"allow":["GET"]}}],"collection":[{"href":"http:\/\/fundaciolluiscoromina.org\/index.php\/wp-json\/wp\/v2\/posts"}],"about":[{"href":"http:\/\/fundaciolluiscoromina.org\/index.php\/wp-json\/wp\/v2\/types\/post"}],"author":[{"embeddable":true,"href":"http:\/\/fundaciolluiscoromina.org\/index.php\/wp-json\/wp\/v2\/users\/2"}],"replies":[{"embeddable":true,"href":"http:\/\/fundaciolluiscoromina.org\/index.php\/wp-json\/wp\/v2\/comments?post=3127"}],"version-history":[{"count":0,"href":"http:\/\/fundaciolluiscoromina.org\/index.php\/wp-json\/wp\/v2\/posts\/3127\/revisions"}],"wp:attachment":[{"href":"http:\/\/fundaciolluiscoromina.org\/index.php\/wp-json\/wp\/v2\/media?parent=3127"}],"wp:term":[{"taxonomy":"category","embeddable":true,"href":"http:\/\/fundaciolluiscoromina.org\/index.php\/wp-json\/wp\/v2\/categories?post=3127"},{"taxonomy":"post_tag","embeddable":true,"href":"http:\/\/fundaciolluiscoromina.org\/index.php\/wp-json\/wp\/v2\/tags?post=3127"}],"curies":[{"name":"wp","href":"https:\/\/api.w.org\/{rel}","templated":true}]}}