{"id":313,"date":"2011-05-21T09:09:01","date_gmt":"2011-05-21T09:09:01","guid":{"rendered":"http:\/\/espaieatart.wordpress.com\/?p=313"},"modified":"2011-05-21T09:09:01","modified_gmt":"2011-05-21T09:09:01","slug":"arranz-bravo-visitant-lespai-eat-art-lluis-vila-de-banyoles","status":"publish","type":"post","link":"http:\/\/fundaciolluiscoromina.org\/index.php\/2011\/05\/21\/arranz-bravo-visitant-lespai-eat-art-lluis-vila-de-banyoles\/","title":{"rendered":"La Fundaci\u00f3 Arranz-Bravo i l&#8217;Espai Eat Art preparen un conveni de col\u00b7laboraci\u00f3 per produir algunes exposicions conjuntament"},"content":{"rendered":"<p style=\"text-align:justify;\">L&#8217;artista Eduard Arranz-Bravo, un dels m\u00e0xims exponents de l&#8217;art catal\u00e0 del segle XX i XXI va visitar l&#8217;Espai Eat Art i el Showroom Llu\u00eds Vil\u00e0 de Banyoles. Arranz-Bravo, ho va fer acompanyat de l&#8217;historiador i director de la seva Fundaci\u00f3, Albert Mercad\u00e9 \u2013el primer per l&#8217;esquerra de la imatge inferior esquerra\u2013 i del pintor i estret col\u00b7laborador de l&#8217;artista, Miquel Gelabert \u2013al fons de la imatge inferior esquerra. \u00abInterf\u00edcie en construcci\u00f3, ess\u00e8ncia elBulli\u00bb de Pere Gifre va ser l&#8217;exposici\u00f3 que van visitar a la seu de la pla\u00e7a major de Banyoles. Ferran Adri\u00e0 i Arranz-Bravo han estat des de fa molts anys bons amics. La visita tamb\u00e9 s&#8217;emmarca dins la futura col\u00b7laboraci\u00f3 entre la Fundaci\u00f3 Arranz-Bravo, ubicada a l&#8217;Hospitalet de Llobregat, i els espais Llu\u00eds Vil\u00e0.<\/p>\n<p style=\"text-align:justify;\"><a href=\"http:\/\/espaieatart.files.wordpress.com\/2011\/05\/arranz-bravo-1.jpg\"><img loading=\"lazy\" decoding=\"async\" class=\"size-large wp-image-314 alignleft\" title=\"Arranz bravo a l'Espai Eat Art LLu\u00eds Vil\u00e0 maig 2011\" src=\"http:\/\/espaieatart.files.wordpress.com\/2011\/05\/arranz-bravo-1.jpg?w=1024\" alt=\"\" width=\"284\" height=\"212\" \/><\/a><\/p>\n<p style=\"text-align:justify;\"><a href=\"http:\/\/espaieatart.files.wordpress.com\/2011\/05\/arranz-bravo-21.jpg\"><img loading=\"lazy\" decoding=\"async\" class=\"size-large wp-image-317 alignleft\" title=\"Arranz bravo 2\" src=\"http:\/\/espaieatart.files.wordpress.com\/2011\/05\/arranz-bravo-21.jpg?w=1024\" alt=\"\" width=\"285\" height=\"213\" \/><\/a><\/p>\n","protected":false},"excerpt":{"rendered":"<p>L&#8217;artista Eduard Arranz-Bravo, un dels m\u00e0xims exponents de l&#8217;art catal\u00e0 del segle XX i XXI va visitar l&#8217;Espai Eat Art &#8230;<\/p>\n","protected":false},"author":1,"featured_media":314,"comment_status":"open","ping_status":"open","sticky":false,"template":"","format":"standard","meta":{"footnotes":""},"categories":[9],"tags":[],"class_list":["post-313","post","type-post","status-publish","format-standard","has-post-thumbnail","hentry","category-historic"],"_links":{"self":[{"href":"http:\/\/fundaciolluiscoromina.org\/index.php\/wp-json\/wp\/v2\/posts\/313","targetHints":{"allow":["GET"]}}],"collection":[{"href":"http:\/\/fundaciolluiscoromina.org\/index.php\/wp-json\/wp\/v2\/posts"}],"about":[{"href":"http:\/\/fundaciolluiscoromina.org\/index.php\/wp-json\/wp\/v2\/types\/post"}],"author":[{"embeddable":true,"href":"http:\/\/fundaciolluiscoromina.org\/index.php\/wp-json\/wp\/v2\/users\/1"}],"replies":[{"embeddable":true,"href":"http:\/\/fundaciolluiscoromina.org\/index.php\/wp-json\/wp\/v2\/comments?post=313"}],"version-history":[{"count":0,"href":"http:\/\/fundaciolluiscoromina.org\/index.php\/wp-json\/wp\/v2\/posts\/313\/revisions"}],"wp:attachment":[{"href":"http:\/\/fundaciolluiscoromina.org\/index.php\/wp-json\/wp\/v2\/media?parent=313"}],"wp:term":[{"taxonomy":"category","embeddable":true,"href":"http:\/\/fundaciolluiscoromina.org\/index.php\/wp-json\/wp\/v2\/categories?post=313"},{"taxonomy":"post_tag","embeddable":true,"href":"http:\/\/fundaciolluiscoromina.org\/index.php\/wp-json\/wp\/v2\/tags?post=313"}],"curies":[{"name":"wp","href":"https:\/\/api.w.org\/{rel}","templated":true}]}}