{"id":3135,"date":"2016-07-03T20:17:05","date_gmt":"2016-07-03T18:17:05","guid":{"rendered":"http:\/\/www.fundaciolluiscoromina.org\/?p=3135"},"modified":"2016-07-03T20:17:05","modified_gmt":"2016-07-03T18:17:05","slug":"el-jardi-de-les-hesperides-desembarca-a-les-nits-destiu-de-caixaforum","status":"publish","type":"post","link":"http:\/\/fundaciolluiscoromina.org\/index.php\/2016\/07\/03\/el-jardi-de-les-hesperides-desembarca-a-les-nits-destiu-de-caixaforum\/","title":{"rendered":"\u2018El Jard\u00ed de les Hesp\u00e9rides\u2019 desembarca a les Nits d&#8217;estiu de CaixaF\u00f2rum"},"content":{"rendered":"<p>Torrents-Aixut (conegut com a cabosanroque) desembarca a les Nits d&#8217;estiu de CaixaF\u00f2rum amb tota la seva col\u00b7lecci\u00f3 de m\u00e0quines sonores per crear un jard\u00ed ple de nimfes mec\u00e0niques que et conviden a rec\u00f3rrer, descobrir i escoltar tots els racons de l&#8217;antiga f\u00e0brica Casaramona.<\/p>\n<p>EL JARD\u00cd DE LES HESP\u00c9RIDES<br \/>\n(tots els dimecres d\u2019estiu a partir del 13 de juliol de 20h a 23h)<br \/>\nRecorreguts sonors a trav\u00e9s de diverses instal\u00b7lacions, que executen una obra conjunta. Un passeig per quadres sonors que faran ressonar tot l&#8217;edifici.<\/p>\n<p>La festa d\u2019inauguraci\u00f3 ser\u00e0 dimecres 6 de Juliol a les 21.30h. amb un gegant\u00ed MURAL SONOR MURAL SONOR de 12 x 6 metres que ocupa l&#8217;entrada de CaixaForum d\u00f3na la benvinguda a l&#8217;estiu. Una gran prestatgeria, que emmagatzemar\u00e0 tota la col\u00b7lecci\u00f3 de sons de cabosanroque que surten dels seus collages mec\u00e0nics i sonors. El mur blanc i llis del pati d&#8217;entrada es desdoblar\u00e0 amb una nova pell sonora, rugosa, de textura mec\u00e0nica. La celebraci\u00f3 de la can\u00edcula es far\u00e0 amb un concert vertical, un gran mural amb m\u00e9s de trenta m\u00e0quines sonores i dos m\u00fasics.<\/p>\n","protected":false},"excerpt":{"rendered":"<p>Torrents-Aixut (conegut com a cabosanroque) desembarca a les Nits d&#8217;estiu de CaixaF\u00f2rum amb tota la seva col\u00b7lecci\u00f3 de m\u00e0quines sonores &#8230;<\/p>\n","protected":false},"author":2,"featured_media":3136,"comment_status":"open","ping_status":"open","sticky":false,"template":"","format":"standard","meta":{"footnotes":""},"categories":[10],"tags":[],"class_list":["post-3135","post","type-post","status-publish","format-standard","has-post-thumbnail","hentry","category-activitats"],"_links":{"self":[{"href":"http:\/\/fundaciolluiscoromina.org\/index.php\/wp-json\/wp\/v2\/posts\/3135","targetHints":{"allow":["GET"]}}],"collection":[{"href":"http:\/\/fundaciolluiscoromina.org\/index.php\/wp-json\/wp\/v2\/posts"}],"about":[{"href":"http:\/\/fundaciolluiscoromina.org\/index.php\/wp-json\/wp\/v2\/types\/post"}],"author":[{"embeddable":true,"href":"http:\/\/fundaciolluiscoromina.org\/index.php\/wp-json\/wp\/v2\/users\/2"}],"replies":[{"embeddable":true,"href":"http:\/\/fundaciolluiscoromina.org\/index.php\/wp-json\/wp\/v2\/comments?post=3135"}],"version-history":[{"count":0,"href":"http:\/\/fundaciolluiscoromina.org\/index.php\/wp-json\/wp\/v2\/posts\/3135\/revisions"}],"wp:attachment":[{"href":"http:\/\/fundaciolluiscoromina.org\/index.php\/wp-json\/wp\/v2\/media?parent=3135"}],"wp:term":[{"taxonomy":"category","embeddable":true,"href":"http:\/\/fundaciolluiscoromina.org\/index.php\/wp-json\/wp\/v2\/categories?post=3135"},{"taxonomy":"post_tag","embeddable":true,"href":"http:\/\/fundaciolluiscoromina.org\/index.php\/wp-json\/wp\/v2\/tags?post=3135"}],"curies":[{"name":"wp","href":"https:\/\/api.w.org\/{rel}","templated":true}]}}