{"id":3141,"date":"2016-07-21T18:20:04","date_gmt":"2016-07-21T16:20:04","guid":{"rendered":"http:\/\/www.fundaciolluiscoromina.org\/?p=3141"},"modified":"2016-07-21T18:20:04","modified_gmt":"2016-07-21T16:20:04","slug":"inauguracio-de-lexposicio-carles-fontsere-laventura-artistica-al-monestir-de-sant-esteve-de-banyoles","status":"publish","type":"post","link":"http:\/\/fundaciolluiscoromina.org\/index.php\/2016\/07\/21\/inauguracio-de-lexposicio-carles-fontsere-laventura-artistica-al-monestir-de-sant-esteve-de-banyoles\/","title":{"rendered":"Inauguraci\u00f3 de l&#8217;exposici\u00f3 &#8216;Carles Fontser\u00e8, l&#8217;aventura art\u00edstica&#8217; al Monestir de Sant Esteve de Banyoles"},"content":{"rendered":"<p>Aquesta mostra s&#8217;inclou dins les activitats de l&#8217;Any Fontser\u00e8, que commemora el centenari del seu naixement, ens ensenya part de la seva obra. Dibuixant, cartellista, pintor, il\u00b7lustrador, fot\u00f2graf, escen\u00f2graf, entre altres disciplines, Carles Fontser\u00e8 va ser un dels artistes m\u00e9s fascinants del <span class=\"text_exposed_show\">segle XX catal\u00e0. Cal destacar la selecci\u00f3 de fotografies in\u00e8dites per terres gironines, que es presenten per primera vegada.<\/span><\/p>\n<div class=\"text_exposed_show\">\n<p>El comissariat \u00e9s a c\u00e0rrec de Josep Rigol i N\u00faria F. Rius i organitzen l&#8217;Ajuntament de Banyoles i el Departament de Cultura de la Generalitat de Catalunya.<\/p>\n<p>Durant el temps que l&#8217;exposici\u00f3 estar\u00e0 instal\u00b7lada al Monestir de Sant Esteve de Banyoles, s&#8217;han programat visites guiades per part dels seus curadors i que aniran acompanyades d&#8217;un piscolabis musical amb m\u00fasiques dels anys seixanta de Nova York, Par\u00eds i M\u00e8xic. Les degustacions de c\u00f2ctels i tapes estan inspirades en aquests mateixos llocs i \u00e8poques i estan elaborades per restauradors del Grup Gastron\u00f2mic del Pla de l&#8217;Estany. Es preveuen quatre visites, una el dia de la inauguraci\u00f3 i tres m\u00e9s repartides al llarg del per\u00edode d&#8217;obertura de l&#8217;exposici\u00f3. Coordinen l&#8217;Arxiu Comarcal del Pla de l&#8217;Estany i Departament de Cultura de la Generalitat de Catalunya. Hi col\u00b7laboren Joventuts Musicals de Banyoles i Grup Gastron\u00f2mic del Pla de l&#8217;Estany.<\/p>\n<\/div>\n<p>L&#8217;exposici\u00f3 es podr\u00e0 visitar fins al dia 9 d&#8217;octubre d&#8217;aquest any.<\/p>\n<p>M\u00e9s informaci\u00f3 a http:\/\/www.carlesfontsere.cat\/<\/p>\n<div id=\"attachment_3157\" style=\"width: 1034px\" class=\"wp-caption alignnone\"><a href=\"http:\/\/www.fundaciolluiscoromina.org\/wp-content\/uploads\/2016\/07\/In-expo-Fontsere\u0300-Bny-\u00a9Pere-Duran-P19.jpg\"><img loading=\"lazy\" decoding=\"async\" aria-describedby=\"caption-attachment-3157\" class=\"size-large wp-image-3157\" src=\"http:\/\/www.fundaciolluiscoromina.org\/wp-content\/uploads\/2016\/07\/In-expo-Fontsere\u0300-Bny-\u00a9Pere-Duran-P19-1024x683.jpg\" alt=\"Exposici\u00f3 L Aventura Art\u00edstica de Carles Fontser\u00e8, al Monastir de Sant Esteve de Banyoles. PERE DURAN \/ NORD MEDIA\" width=\"1024\" height=\"683\" \/><\/a><p id=\"caption-attachment-3157\" class=\"wp-caption-text\">Exposici\u00f3 L Aventura Art\u00edstica de Carles Fontser\u00e8, al Monastir de Sant Esteve de Banyoles. PERE DURAN \/ NORD MEDIA<\/p><\/div>\n<div id=\"attachment_3156\" style=\"width: 1034px\" class=\"wp-caption alignnone\"><a href=\"http:\/\/www.fundaciolluiscoromina.org\/wp-content\/uploads\/2016\/07\/In-expo-Fontsere\u0300-Bny-\u00a9Pere-Duran-P17.jpg\"><img loading=\"lazy\" decoding=\"async\" aria-describedby=\"caption-attachment-3156\" class=\"size-large wp-image-3156\" src=\"http:\/\/www.fundaciolluiscoromina.org\/wp-content\/uploads\/2016\/07\/In-expo-Fontsere\u0300-Bny-\u00a9Pere-Duran-P17-1024x683.jpg\" alt=\"Exposici\u00f3 L Aventura Art\u00edstica de Carles Fontser\u00e8, al Monastir de Sant Esteve de Banyoles. PERE DURAN \/ NORD MEDIA\" width=\"1024\" height=\"683\" \/><\/a><p id=\"caption-attachment-3156\" class=\"wp-caption-text\">Exposici\u00f3 L Aventura Art\u00edstica de Carles Fontser\u00e8, al Monastir de Sant Esteve de Banyoles. PERE DURAN \/ NORD MEDIA<\/p><\/div>\n<div id=\"attachment_3155\" style=\"width: 1034px\" class=\"wp-caption alignnone\"><a href=\"http:\/\/www.fundaciolluiscoromina.org\/wp-content\/uploads\/2016\/07\/In-expo-Fontsere\u0300-Bny-\u00a9Pere-Duran-P8.jpg\"><img loading=\"lazy\" decoding=\"async\" aria-describedby=\"caption-attachment-3155\" class=\"size-large wp-image-3155\" src=\"http:\/\/www.fundaciolluiscoromina.org\/wp-content\/uploads\/2016\/07\/In-expo-Fontsere\u0300-Bny-\u00a9Pere-Duran-P8-1024x683.jpg\" alt=\"Exposici\u00f3 L Aventura Art\u00edstica de Carles Fontser\u00e8, al Monastir de Sant Esteve de Banyoles. PERE DURAN \/ NORD MEDIA\" width=\"1024\" height=\"683\" \/><\/a><p id=\"caption-attachment-3155\" class=\"wp-caption-text\">Exposici\u00f3 L Aventura Art\u00edstica de Carles Fontser\u00e8, al Monastir de Sant Esteve de Banyoles. PERE DURAN \/ NORD MEDIA<\/p><\/div>\n<div id=\"attachment_3154\" style=\"width: 1034px\" class=\"wp-caption alignnone\"><a href=\"http:\/\/www.fundaciolluiscoromina.org\/wp-content\/uploads\/2016\/07\/In-expo-Fontsere\u0300-Bny-\u00a9Pere-Duran-P7.jpg\"><img loading=\"lazy\" decoding=\"async\" aria-describedby=\"caption-attachment-3154\" class=\"size-large wp-image-3154\" src=\"http:\/\/www.fundaciolluiscoromina.org\/wp-content\/uploads\/2016\/07\/In-expo-Fontsere\u0300-Bny-\u00a9Pere-Duran-P7-1024x683.jpg\" alt=\"Exposici\u00f3 L Aventura Art\u00edstica de Carles Fontser\u00e8, al Monastir de Sant Esteve de Banyoles. PERE DURAN \/ NORD MEDIA\" width=\"1024\" height=\"683\" \/><\/a><p id=\"caption-attachment-3154\" class=\"wp-caption-text\">Exposici\u00f3 L Aventura Art\u00edstica de Carles Fontser\u00e8, al Monastir de Sant Esteve de Banyoles. PERE DURAN \/ NORD MEDIA<\/p><\/div>\n<div id=\"attachment_3153\" style=\"width: 1034px\" class=\"wp-caption alignnone\"><a href=\"http:\/\/www.fundaciolluiscoromina.org\/wp-content\/uploads\/2016\/07\/In-expo-Fontsere\u0300-Bny-\u00a9Pere-Duran-P6.jpg\"><img loading=\"lazy\" decoding=\"async\" aria-describedby=\"caption-attachment-3153\" class=\"size-large wp-image-3153\" src=\"http:\/\/www.fundaciolluiscoromina.org\/wp-content\/uploads\/2016\/07\/In-expo-Fontsere\u0300-Bny-\u00a9Pere-Duran-P6-1024x683.jpg\" alt=\"Exposici\u00f3 L Aventura Art\u00edstica de Carles Fontser\u00e8, al Monastir de Sant Esteve de Banyoles. PERE DURAN \/ NORD MEDIA\" width=\"1024\" height=\"683\" \/><\/a><p id=\"caption-attachment-3153\" class=\"wp-caption-text\">Exposici\u00f3 L Aventura Art\u00edstica de Carles Fontser\u00e8, al Monastir de Sant Esteve de Banyoles. PERE DURAN \/ NORD MEDIA<\/p><\/div>\n<div id=\"attachment_3152\" style=\"width: 1034px\" class=\"wp-caption alignnone\"><a href=\"http:\/\/www.fundaciolluiscoromina.org\/wp-content\/uploads\/2016\/07\/In-expo-Fontsere\u0300-Bny-\u00a9Pere-Duran-P4.jpg\"><img loading=\"lazy\" decoding=\"async\" aria-describedby=\"caption-attachment-3152\" class=\"size-large wp-image-3152\" src=\"http:\/\/www.fundaciolluiscoromina.org\/wp-content\/uploads\/2016\/07\/In-expo-Fontsere\u0300-Bny-\u00a9Pere-Duran-P4-1024x683.jpg\" alt=\"Exposici\u00f3 L Aventura Art\u00edstica de Carles Fontser\u00e8, al Monastir de Sant Esteve de Banyoles. PERE DURAN \/ NORD MEDIA\" width=\"1024\" height=\"683\" \/><\/a><p id=\"caption-attachment-3152\" class=\"wp-caption-text\">Exposici\u00f3 L Aventura Art\u00edstica de Carles Fontser\u00e8, al Monastir de Sant Esteve de Banyoles. PERE DURAN \/ NORD MEDIA<\/p><\/div>\n<div id=\"attachment_3151\" style=\"width: 1034px\" class=\"wp-caption alignnone\"><a href=\"http:\/\/www.fundaciolluiscoromina.org\/wp-content\/uploads\/2016\/07\/In-expo-Fontsere\u0300-Bny-\u00a9Pere-Duran-P3.jpg\"><img loading=\"lazy\" decoding=\"async\" aria-describedby=\"caption-attachment-3151\" class=\"size-large wp-image-3151\" src=\"http:\/\/www.fundaciolluiscoromina.org\/wp-content\/uploads\/2016\/07\/In-expo-Fontsere\u0300-Bny-\u00a9Pere-Duran-P3-1024x683.jpg\" alt=\"Exposici\u00f3 L Aventura Art\u00edstica de Carles Fontser\u00e8, al Monastir de Sant Esteve de Banyoles. PERE DURAN \/ NORD MEDIA\" width=\"1024\" height=\"683\" \/><\/a><p id=\"caption-attachment-3151\" class=\"wp-caption-text\">Exposici\u00f3 L Aventura Art\u00edstica de Carles Fontser\u00e8, al Monastir de Sant Esteve de Banyoles. PERE DURAN \/ NORD MEDIA<\/p><\/div>\n<p>&nbsp;<\/p>\n<p>&nbsp;<\/p>\n","protected":false},"excerpt":{"rendered":"<p>Aquesta mostra s&#8217;inclou dins les activitats de l&#8217;Any Fontser\u00e8, que commemora el centenari del seu naixement, ens ensenya part de &#8230;<\/p>\n","protected":false},"author":2,"featured_media":3147,"comment_status":"open","ping_status":"open","sticky":false,"template":"","format":"standard","meta":{"footnotes":""},"categories":[10],"tags":[],"class_list":["post-3141","post","type-post","status-publish","format-standard","has-post-thumbnail","hentry","category-activitats"],"_links":{"self":[{"href":"http:\/\/fundaciolluiscoromina.org\/index.php\/wp-json\/wp\/v2\/posts\/3141","targetHints":{"allow":["GET"]}}],"collection":[{"href":"http:\/\/fundaciolluiscoromina.org\/index.php\/wp-json\/wp\/v2\/posts"}],"about":[{"href":"http:\/\/fundaciolluiscoromina.org\/index.php\/wp-json\/wp\/v2\/types\/post"}],"author":[{"embeddable":true,"href":"http:\/\/fundaciolluiscoromina.org\/index.php\/wp-json\/wp\/v2\/users\/2"}],"replies":[{"embeddable":true,"href":"http:\/\/fundaciolluiscoromina.org\/index.php\/wp-json\/wp\/v2\/comments?post=3141"}],"version-history":[{"count":0,"href":"http:\/\/fundaciolluiscoromina.org\/index.php\/wp-json\/wp\/v2\/posts\/3141\/revisions"}],"wp:attachment":[{"href":"http:\/\/fundaciolluiscoromina.org\/index.php\/wp-json\/wp\/v2\/media?parent=3141"}],"wp:term":[{"taxonomy":"category","embeddable":true,"href":"http:\/\/fundaciolluiscoromina.org\/index.php\/wp-json\/wp\/v2\/categories?post=3141"},{"taxonomy":"post_tag","embeddable":true,"href":"http:\/\/fundaciolluiscoromina.org\/index.php\/wp-json\/wp\/v2\/tags?post=3141"}],"curies":[{"name":"wp","href":"https:\/\/api.w.org\/{rel}","templated":true}]}}