{"id":3195,"date":"2016-09-13T21:47:36","date_gmt":"2016-09-13T19:47:36","guid":{"rendered":"http:\/\/www.fundaciolluiscoromina.org\/?p=3195"},"modified":"2016-09-13T21:47:36","modified_gmt":"2016-09-13T19:47:36","slug":"free-art-ensemble-a-la-fundacio-lluis-coromina-espai-eat-art","status":"publish","type":"post","link":"http:\/\/fundaciolluiscoromina.org\/index.php\/2016\/09\/13\/free-art-ensemble-a-la-fundacio-lluis-coromina-espai-eat-art\/","title":{"rendered":"Free Art Ensemble a la Fundaci\u00f3 Llu\u00eds Coromina &#8211; Espai Eat Art"},"content":{"rendered":"<p>Imatges d&#8217;un dels concerts de Free Art Ensemble a Banyoles.<\/p>\n<p>La formaci\u00f3 Free Art Ensemble va fer una resid\u00e8ncia a la Fundaci\u00f3 Llu\u00eds Coromina &#8211; Espai Eat Art. Durant el dia van estar fen assajos i cada vespre van fer un concert amb tem\u00e0tica diferent.<br \/>\nEl grup est\u00e0 format per Tom Chant, Albert Cirera i Oriol Fontclara als saxos, Pol Padr\u00f3s, Juli\u00e1n S\u00e1nchez i Iv\u00e1n Gonz\u00e1lez a les trompetes, Marc Cuevas i \u00c0lex Reviriego als contrabaixos i Arnau Obiols i Ramon Prats a les bateries. Va ser una bona oportunitat per veure com es va transformant el repertori, entre la improvisaci\u00f3 lliure, les conduccions, i les composicions.<\/p>\n<p>M\u00e9s info a:<br \/>\nhttps:\/\/freeartensemble.wordpress.com\/<\/p>\n<div id=\"attachment_3199\" style=\"width: 1034px\" class=\"wp-caption alignnone\"><a href=\"http:\/\/www.fundaciolluiscoromina.org\/wp-content\/uploads\/2016\/08\/Free-AE-Eat-P15.jpg\"><img loading=\"lazy\" decoding=\"async\" aria-describedby=\"caption-attachment-3199\" class=\"size-large wp-image-3199\" src=\"http:\/\/www.fundaciolluiscoromina.org\/wp-content\/uploads\/2016\/08\/Free-AE-Eat-P15-1024x683.jpg\" alt=\"Concert Free Art Ensemble a l'espai Eat Art de Banyoles. FOTO: PERE DURAN\" width=\"1024\" height=\"683\" \/><\/a><p id=\"caption-attachment-3199\" class=\"wp-caption-text\">Concert Free Art Ensemble a l&#8217;espai Eat Art de Banyoles. FOTO: PERE DURAN<\/p><\/div>\n<div id=\"attachment_3198\" style=\"width: 1034px\" class=\"wp-caption alignnone\"><a href=\"http:\/\/www.fundaciolluiscoromina.org\/wp-content\/uploads\/2016\/08\/Free-AE-Eat-P14.jpg\"><img loading=\"lazy\" decoding=\"async\" aria-describedby=\"caption-attachment-3198\" class=\"size-large wp-image-3198\" src=\"http:\/\/www.fundaciolluiscoromina.org\/wp-content\/uploads\/2016\/08\/Free-AE-Eat-P14-1024x683.jpg\" alt=\"Concert Free Art Ensemble a l'espai Eat Art de Banyoles. FOTO: PERE DURAN\" width=\"1024\" height=\"683\" \/><\/a><p id=\"caption-attachment-3198\" class=\"wp-caption-text\">Concert Free Art Ensemble a l&#8217;espai Eat Art de Banyoles. FOTO: PERE DURAN<\/p><\/div>\n<div id=\"attachment_3196\" style=\"width: 693px\" class=\"wp-caption alignnone\"><a href=\"http:\/\/www.fundaciolluiscoromina.org\/wp-content\/uploads\/2016\/08\/Free-AE-Eat-P12.jpg\"><img loading=\"lazy\" decoding=\"async\" aria-describedby=\"caption-attachment-3196\" class=\"size-large wp-image-3196\" src=\"http:\/\/www.fundaciolluiscoromina.org\/wp-content\/uploads\/2016\/08\/Free-AE-Eat-P12-683x1024.jpg\" alt=\"Concert Free Art Ensemble a l'espai Eat Art de Banyoles. FOTO: PERE DURAN\" width=\"683\" height=\"1024\" \/><\/a><p id=\"caption-attachment-3196\" class=\"wp-caption-text\">Concert Free Art Ensemble a l&#8217;espai Eat Art de Banyoles. FOTO: PERE DURAN<\/p><\/div>\n<div id=\"attachment_3194\" style=\"width: 1034px\" class=\"wp-caption alignnone\"><a href=\"http:\/\/www.fundaciolluiscoromina.org\/wp-content\/uploads\/2016\/08\/Free-AE-Eat-P11.jpg\"><img loading=\"lazy\" decoding=\"async\" aria-describedby=\"caption-attachment-3194\" class=\"size-large wp-image-3194\" src=\"http:\/\/www.fundaciolluiscoromina.org\/wp-content\/uploads\/2016\/08\/Free-AE-Eat-P11-1024x683.jpg\" alt=\"Concert Free Art Ensemble a l'espai Eat Art de Banyoles. FOTO: PERE DURAN\" width=\"1024\" height=\"683\" \/><\/a><p id=\"caption-attachment-3194\" class=\"wp-caption-text\">Concert Free Art Ensemble a l&#8217;espai Eat Art de Banyoles. FOTO: PERE DURAN<\/p><\/div>\n<div id=\"attachment_3193\" style=\"width: 1034px\" class=\"wp-caption alignnone\"><a href=\"http:\/\/www.fundaciolluiscoromina.org\/wp-content\/uploads\/2016\/08\/Free-AE-Eat-P10.jpg\"><img loading=\"lazy\" decoding=\"async\" aria-describedby=\"caption-attachment-3193\" class=\"size-large wp-image-3193\" src=\"http:\/\/www.fundaciolluiscoromina.org\/wp-content\/uploads\/2016\/08\/Free-AE-Eat-P10-1024x683.jpg\" alt=\"Concert Free Art Ensemble a l'espai Eat Art de Banyoles. FOTO: PERE DURAN\" width=\"1024\" height=\"683\" \/><\/a><p id=\"caption-attachment-3193\" class=\"wp-caption-text\">Concert Free Art Ensemble a l&#8217;espai Eat Art de Banyoles. FOTO: PERE DURAN<\/p><\/div>\n<div id=\"attachment_3192\" style=\"width: 1034px\" class=\"wp-caption alignnone\"><a href=\"http:\/\/www.fundaciolluiscoromina.org\/wp-content\/uploads\/2016\/08\/Free-AE-Eat-P9.jpg\"><img loading=\"lazy\" decoding=\"async\" aria-describedby=\"caption-attachment-3192\" class=\"size-large wp-image-3192\" src=\"http:\/\/www.fundaciolluiscoromina.org\/wp-content\/uploads\/2016\/08\/Free-AE-Eat-P9-1024x683.jpg\" alt=\"Concert Free Art Ensemble a l'espai Eat Art de Banyoles. FOTO: PERE DURAN\" width=\"1024\" height=\"683\" \/><\/a><p id=\"caption-attachment-3192\" class=\"wp-caption-text\">Concert Free Art Ensemble a l&#8217;espai Eat Art de Banyoles. FOTO: PERE DURAN<\/p><\/div>\n<div id=\"attachment_3191\" style=\"width: 1034px\" class=\"wp-caption alignnone\"><a href=\"http:\/\/www.fundaciolluiscoromina.org\/wp-content\/uploads\/2016\/08\/Free-AE-Eat-P8.jpg\"><img loading=\"lazy\" decoding=\"async\" aria-describedby=\"caption-attachment-3191\" class=\"size-large wp-image-3191\" src=\"http:\/\/www.fundaciolluiscoromina.org\/wp-content\/uploads\/2016\/08\/Free-AE-Eat-P8-1024x683.jpg\" alt=\"Concert Free Art Ensemble a l'espai Eat Art de Banyoles. FOTO: PERE DURAN\" width=\"1024\" height=\"683\" \/><\/a><p id=\"caption-attachment-3191\" class=\"wp-caption-text\">Concert Free Art Ensemble a l&#8217;espai Eat Art de Banyoles. FOTO: PERE DURAN<\/p><\/div>\n<div id=\"attachment_3190\" style=\"width: 1034px\" class=\"wp-caption alignnone\"><a href=\"http:\/\/www.fundaciolluiscoromina.org\/wp-content\/uploads\/2016\/08\/Free-AE-Eat-P7.jpg\"><img loading=\"lazy\" decoding=\"async\" aria-describedby=\"caption-attachment-3190\" class=\"size-large wp-image-3190\" src=\"http:\/\/www.fundaciolluiscoromina.org\/wp-content\/uploads\/2016\/08\/Free-AE-Eat-P7-1024x683.jpg\" alt=\"Concert Free Art Ensemble a l'espai Eat Art de Banyoles. FOTO: PERE DURAN\" width=\"1024\" height=\"683\" \/><\/a><p id=\"caption-attachment-3190\" class=\"wp-caption-text\">Concert Free Art Ensemble a l&#8217;espai Eat Art de Banyoles. FOTO: PERE DURAN<\/p><\/div>\n","protected":false},"excerpt":{"rendered":"<p>Imatges d&#8217;un dels concerts de Free Art Ensemble a Banyoles. La formaci\u00f3 Free Art Ensemble va fer una resid\u00e8ncia a &#8230;<\/p>\n","protected":false},"author":2,"featured_media":3197,"comment_status":"open","ping_status":"open","sticky":false,"template":"","format":"standard","meta":{"footnotes":""},"categories":[10],"tags":[],"class_list":["post-3195","post","type-post","status-publish","format-standard","has-post-thumbnail","hentry","category-activitats"],"_links":{"self":[{"href":"http:\/\/fundaciolluiscoromina.org\/index.php\/wp-json\/wp\/v2\/posts\/3195","targetHints":{"allow":["GET"]}}],"collection":[{"href":"http:\/\/fundaciolluiscoromina.org\/index.php\/wp-json\/wp\/v2\/posts"}],"about":[{"href":"http:\/\/fundaciolluiscoromina.org\/index.php\/wp-json\/wp\/v2\/types\/post"}],"author":[{"embeddable":true,"href":"http:\/\/fundaciolluiscoromina.org\/index.php\/wp-json\/wp\/v2\/users\/2"}],"replies":[{"embeddable":true,"href":"http:\/\/fundaciolluiscoromina.org\/index.php\/wp-json\/wp\/v2\/comments?post=3195"}],"version-history":[{"count":0,"href":"http:\/\/fundaciolluiscoromina.org\/index.php\/wp-json\/wp\/v2\/posts\/3195\/revisions"}],"wp:attachment":[{"href":"http:\/\/fundaciolluiscoromina.org\/index.php\/wp-json\/wp\/v2\/media?parent=3195"}],"wp:term":[{"taxonomy":"category","embeddable":true,"href":"http:\/\/fundaciolluiscoromina.org\/index.php\/wp-json\/wp\/v2\/categories?post=3195"},{"taxonomy":"post_tag","embeddable":true,"href":"http:\/\/fundaciolluiscoromina.org\/index.php\/wp-json\/wp\/v2\/tags?post=3195"}],"curies":[{"name":"wp","href":"https:\/\/api.w.org\/{rel}","templated":true}]}}