{"id":3203,"date":"2016-09-13T21:57:03","date_gmt":"2016-09-13T19:57:03","guid":{"rendered":"http:\/\/www.fundaciolluiscoromina.org\/?p=3203"},"modified":"2016-09-13T21:57:03","modified_gmt":"2016-09-13T19:57:03","slug":"pre-estrena-francesca-de-la-mort-de-lluis-xiv-al-centre-pompidou-de-paris","status":"publish","type":"post","link":"http:\/\/fundaciolluiscoromina.org\/index.php\/2016\/09\/13\/pre-estrena-francesca-de-la-mort-de-lluis-xiv-al-centre-pompidou-de-paris\/","title":{"rendered":"Pre-estrena francesa de La mort de Llu\u00eds XIV, d&#8217;Albert Serra a Par\u00eds"},"content":{"rendered":"<p>El passat 5 de setembre es va fer la pre-estrena francesa del llargmetratge <strong><em>La mort de Llu\u00eds XIV <\/em><\/strong>al centre Pompidou de Par\u00eds, amb la pres\u00e8ncia d&#8217;Albert Serra,\u00a0Jean-Pierre L\u00e9aud, Patrick d&#8217;Assum\u00e7ao, Ir\u00e8ne Silvagni, Bernard Belin, Marc Susini, Jean Henric, Olivier Cadiot i Llu\u00eds Serrat.<\/p>\n","protected":false},"excerpt":{"rendered":"<p>El passat 5 de setembre es va fer la pre-estrena francesa del llargmetratge La mort de Llu\u00eds XIV al centre &#8230;<\/p>\n","protected":false},"author":2,"featured_media":3204,"comment_status":"open","ping_status":"open","sticky":false,"template":"","format":"standard","meta":{"footnotes":""},"categories":[10],"tags":[],"class_list":["post-3203","post","type-post","status-publish","format-standard","has-post-thumbnail","hentry","category-activitats"],"_links":{"self":[{"href":"http:\/\/fundaciolluiscoromina.org\/index.php\/wp-json\/wp\/v2\/posts\/3203","targetHints":{"allow":["GET"]}}],"collection":[{"href":"http:\/\/fundaciolluiscoromina.org\/index.php\/wp-json\/wp\/v2\/posts"}],"about":[{"href":"http:\/\/fundaciolluiscoromina.org\/index.php\/wp-json\/wp\/v2\/types\/post"}],"author":[{"embeddable":true,"href":"http:\/\/fundaciolluiscoromina.org\/index.php\/wp-json\/wp\/v2\/users\/2"}],"replies":[{"embeddable":true,"href":"http:\/\/fundaciolluiscoromina.org\/index.php\/wp-json\/wp\/v2\/comments?post=3203"}],"version-history":[{"count":0,"href":"http:\/\/fundaciolluiscoromina.org\/index.php\/wp-json\/wp\/v2\/posts\/3203\/revisions"}],"wp:attachment":[{"href":"http:\/\/fundaciolluiscoromina.org\/index.php\/wp-json\/wp\/v2\/media?parent=3203"}],"wp:term":[{"taxonomy":"category","embeddable":true,"href":"http:\/\/fundaciolluiscoromina.org\/index.php\/wp-json\/wp\/v2\/categories?post=3203"},{"taxonomy":"post_tag","embeddable":true,"href":"http:\/\/fundaciolluiscoromina.org\/index.php\/wp-json\/wp\/v2\/tags?post=3203"}],"curies":[{"name":"wp","href":"https:\/\/api.w.org\/{rel}","templated":true}]}}