{"id":3210,"date":"2016-09-19T07:38:58","date_gmt":"2016-09-19T05:38:58","guid":{"rendered":"http:\/\/www.fundaciolluiscoromina.org\/?p=3210"},"modified":"2016-09-19T07:38:58","modified_gmt":"2016-09-19T05:38:58","slug":"inauguracio-de-lexposicio-i-dont-need-to-know-you-a-la-fundacio-lluis-coromina-espai-eat-art","status":"publish","type":"post","link":"http:\/\/fundaciolluiscoromina.org\/index.php\/2016\/09\/19\/inauguracio-de-lexposicio-i-dont-need-to-know-you-a-la-fundacio-lluis-coromina-espai-eat-art\/","title":{"rendered":"Inauguraci\u00f3 de l&#8217;exposici\u00f3 &#8216;I DON&#8217;T NEED TO KNOW YOU&#8217; a la Fundaci\u00f3 Llu\u00eds Coromina &#8211; Espai Eat Art"},"content":{"rendered":"<p>Imatges de la inauguraci\u00f3 de l\u2019exposici\u00f3 &#8216;I DON&#8217;T NEED TO KNOW YOU&#8217; de <a class=\"profileLink\" href=\"https:\/\/www.facebook.com\/katia.repina\" data-hovercard=\"\/ajax\/hovercard\/user.php?id=1569635550\">Katia Repina<\/a> i <a class=\"profileLink\" href=\"https:\/\/www.facebook.com\/luca.aimi.3\" data-hovercard=\"\/ajax\/hovercard\/user.php?id=1058861447\">Luca Aimi<\/a>, el passat divendres 16 de setembre a la Fundaci\u00f3 Llu\u00eds Coromina &#8211; Espai Eat Art.<\/p>\n<p>El m\u00f3n ha canviat. Les noves maneres de relacionar-se i de cites s\u2019han transformat radicalment; des de fa anys han irromput a les nostres vides una s\u00e8rie de noves aplicacions m\u00f2bils que no solament fan m\u00e9s f\u00e0cil aconseguir una cita, sin\u00f3 que aquestes ens proporcionen m\u00e9s seguretat. Un nou mitj\u00e0 que fa la sensaci\u00f3 de que tot est\u00e0 sota control, que estem protegits, que no hi ha perills, en definitiva, que som menys vulnerables.<br \/>\nNo obstant, segueixen havent-hi persones que no tenen por a explorar la seva sexualitat sense comptar amb el suport de la tecnologia, que no tenen por a all\u00f2 desconegut, que s\u2019atreveixen a practicar cruising.<br \/>\nEl cruising \u00e9s una activitat de recerca de trobades sexuals en zones p\u00fabliques com ara parcs i boscos.<br \/>\nNormalment est\u00e0 associat a l\u2019\u00e0mbit homosexual, tot i que, molts dels seus participants porten un estil de vida heterosexual; estan casats i tenen fills.<br \/>\nEl projecte mostra una pr\u00e0ctica no gaire coneguda on participants masculins es troben en espais p\u00fablics per satisfer els seus desitjos m\u00e9s \u00edntims, en silenci, sense haver de justificar-se o gastar diners, per\u00f2 per una altra banda, parla de com es generen aquestes trobades, dels motius i els perqu\u00e8s de cadascun, de les emocions, de l\u2019adrenalina, de la vergonya, de la soledat, de la culpa, de la pertinen\u00e7a o el retrobament de la identitat pr\u00f2pia que es genera en dur a terme una activitat d\u2019aquestes caracter\u00edstiques.<br \/>\n\u00c9s un projecte que no ensenya actes sexuals, que es regeix per l\u2019anonimat ja que all\u00f2 an\u00f2nim i el silenci s\u00f3n les principals caracter\u00edstiques del cruising.<\/p>\n<div id=\"attachment_3220\" style=\"width: 1034px\" class=\"wp-caption alignnone\"><a href=\"http:\/\/www.fundaciolluiscoromina.org\/wp-content\/uploads\/2016\/09\/In-need-to-Know-P9.jpg\"><img loading=\"lazy\" decoding=\"async\" aria-describedby=\"caption-attachment-3220\" class=\"size-large wp-image-3220\" src=\"http:\/\/www.fundaciolluiscoromina.org\/wp-content\/uploads\/2016\/09\/In-need-to-Know-P9-1024x683.jpg\" alt=\"Inauguraci\u0097 exposici\u0097 fotogr\u0088fica I don't need to know you, de Katia Repina i Luca Aimi a l'espai Eat Art de Banyoles. PERE DURAN \/ NORD MEDIA\" width=\"1024\" height=\"683\" \/><\/a><p id=\"caption-attachment-3220\" class=\"wp-caption-text\">Inauguraci\u0097 exposici\u0097 fotogr\u0088fica I don&#8217;t need to know you, de Katia Repina i Luca Aimi a l&#8217;espai Eat Art de Banyoles. PERE DURAN \/ NORD MEDIA<\/p><\/div>\n<div id=\"attachment_3221\" style=\"width: 1034px\" class=\"wp-caption alignnone\"><a href=\"http:\/\/www.fundaciolluiscoromina.org\/wp-content\/uploads\/2016\/09\/In-need-to-Know-P10.jpg\"><img loading=\"lazy\" decoding=\"async\" aria-describedby=\"caption-attachment-3221\" class=\"size-large wp-image-3221\" src=\"http:\/\/www.fundaciolluiscoromina.org\/wp-content\/uploads\/2016\/09\/In-need-to-Know-P10-1024x683.jpg\" alt=\"Inauguraci\u0097 exposici\u0097 fotogr\u0088fica I don't need to know you, de Katia Repina i Luca Aimi a l'espai Eat Art de Banyoles. PERE DURAN \/ NORD MEDIA\" width=\"1024\" height=\"683\" \/><\/a><p id=\"caption-attachment-3221\" class=\"wp-caption-text\">Inauguraci\u0097 exposici\u0097 fotogr\u0088fica I don&#8217;t need to know you, de Katia Repina i Luca Aimi a l&#8217;espai Eat Art de Banyoles. PERE DURAN \/ NORD MEDIA<\/p><\/div>\n<div id=\"attachment_3217\" style=\"width: 1034px\" class=\"wp-caption alignnone\"><a href=\"http:\/\/www.fundaciolluiscoromina.org\/wp-content\/uploads\/2016\/09\/In-need-to-Know-P7.jpg\"><img loading=\"lazy\" decoding=\"async\" aria-describedby=\"caption-attachment-3217\" class=\"size-large wp-image-3217\" src=\"http:\/\/www.fundaciolluiscoromina.org\/wp-content\/uploads\/2016\/09\/In-need-to-Know-P7-1024x682.jpg\" alt=\"Inauguraci\u0097 exposici\u0097 fotogr\u0088fica I don't need to know you, de Katia Repina i Luca Aimi a l'espai Eat Art de Banyoles. PERE DURAN \/ NORD MEDIA\" width=\"1024\" height=\"682\" \/><\/a><p id=\"caption-attachment-3217\" class=\"wp-caption-text\">Inauguraci\u0097 exposici\u0097 fotogr\u0088fica I don&#8217;t need to know you, de Katia Repina i Luca Aimi a l&#8217;espai Eat Art de Banyoles. PERE DURAN \/ NORD MEDIA<\/p><\/div>\n<div id=\"attachment_3216\" style=\"width: 1034px\" class=\"wp-caption alignnone\"><a href=\"http:\/\/www.fundaciolluiscoromina.org\/wp-content\/uploads\/2016\/09\/In-need-to-Know-P6.jpg\"><img loading=\"lazy\" decoding=\"async\" aria-describedby=\"caption-attachment-3216\" class=\"size-large wp-image-3216\" src=\"http:\/\/www.fundaciolluiscoromina.org\/wp-content\/uploads\/2016\/09\/In-need-to-Know-P6-1024x683.jpg\" alt=\"Inauguraci\u0097 exposici\u0097 fotogr\u0088fica I don't need to know you, de Katia Repina i Luca Aimi a l'espai Eat Art de Banyoles. PERE DURAN \/ NORD MEDIA\" width=\"1024\" height=\"683\" \/><\/a><p id=\"caption-attachment-3216\" class=\"wp-caption-text\">Inauguraci\u0097 exposici\u0097 fotogr\u0088fica I don&#8217;t need to know you, de Katia Repina i Luca Aimi a l&#8217;espai Eat Art de Banyoles. PERE DURAN \/ NORD MEDIA<\/p><\/div>\n<div id=\"attachment_3215\" style=\"width: 1034px\" class=\"wp-caption alignnone\"><a href=\"http:\/\/www.fundaciolluiscoromina.org\/wp-content\/uploads\/2016\/09\/In-need-to-Know-P5.jpg\"><img loading=\"lazy\" decoding=\"async\" aria-describedby=\"caption-attachment-3215\" class=\"size-large wp-image-3215\" src=\"http:\/\/www.fundaciolluiscoromina.org\/wp-content\/uploads\/2016\/09\/In-need-to-Know-P5-1024x683.jpg\" alt=\"Inauguraci\u0097 exposici\u0097 fotogr\u0088fica I don't need to know you, de Katia Repina i Luca Aimi a l'espai Eat Art de Banyoles. PERE DURAN \/ NORD MEDIA\" width=\"1024\" height=\"683\" \/><\/a><p id=\"caption-attachment-3215\" class=\"wp-caption-text\">Inauguraci\u0097 exposici\u0097 fotogr\u0088fica I don&#8217;t need to know you, de Katia Repina i Luca Aimi a l&#8217;espai Eat Art de Banyoles. PERE DURAN \/ NORD MEDIA<\/p><\/div>\n<div id=\"attachment_3214\" style=\"width: 1034px\" class=\"wp-caption alignnone\"><a href=\"http:\/\/www.fundaciolluiscoromina.org\/wp-content\/uploads\/2016\/09\/In-need-to-Know-P4.jpg\"><img loading=\"lazy\" decoding=\"async\" aria-describedby=\"caption-attachment-3214\" class=\"size-large wp-image-3214\" src=\"http:\/\/www.fundaciolluiscoromina.org\/wp-content\/uploads\/2016\/09\/In-need-to-Know-P4-1024x682.jpg\" alt=\"Inauguraci\u0097 exposici\u0097 fotogr\u0088fica I don't need to know you, de Katia Repina i Luca Aimi a l'espai Eat Art de Banyoles. PERE DURAN \/ NORD MEDIA\" width=\"1024\" height=\"682\" \/><\/a><p id=\"caption-attachment-3214\" class=\"wp-caption-text\">Inauguraci\u0097 exposici\u0097 fotogr\u0088fica I don&#8217;t need to know you, de Katia Repina i Luca Aimi a l&#8217;espai Eat Art de Banyoles. PERE DURAN \/ NORD MEDIA<\/p><\/div>\n<div id=\"attachment_3213\" style=\"width: 1034px\" class=\"wp-caption alignnone\"><a href=\"http:\/\/www.fundaciolluiscoromina.org\/wp-content\/uploads\/2016\/09\/In-need-to-Know-P3.jpg\"><img loading=\"lazy\" decoding=\"async\" aria-describedby=\"caption-attachment-3213\" class=\"size-large wp-image-3213\" src=\"http:\/\/www.fundaciolluiscoromina.org\/wp-content\/uploads\/2016\/09\/In-need-to-Know-P3-1024x683.jpg\" alt=\"Inauguraci\u0097 exposici\u0097 fotogr\u0088fica I don't need to know you, de Katia Repina i Luca Aimi a l'espai Eat Art de Banyoles. PERE DURAN \/ NORD MEDIA\" width=\"1024\" height=\"683\" \/><\/a><p id=\"caption-attachment-3213\" class=\"wp-caption-text\">Inauguraci\u0097 exposici\u0097 fotogr\u0088fica I don&#8217;t need to know you, de Katia Repina i Luca Aimi a l&#8217;espai Eat Art de Banyoles. PERE DURAN \/ NORD MEDIA<\/p><\/div>\n<div id=\"attachment_3212\" style=\"width: 1034px\" class=\"wp-caption alignnone\"><a href=\"http:\/\/www.fundaciolluiscoromina.org\/wp-content\/uploads\/2016\/09\/In-need-to-Know-P2.jpg\"><img loading=\"lazy\" decoding=\"async\" aria-describedby=\"caption-attachment-3212\" class=\"size-large wp-image-3212\" src=\"http:\/\/www.fundaciolluiscoromina.org\/wp-content\/uploads\/2016\/09\/In-need-to-Know-P2-1024x683.jpg\" alt=\"Inauguraci\u0097 exposici\u0097 fotogr\u0088fica I don't need to know you, de Katia Repina i Luca Aimi a l'espai Eat Art de Banyoles. PERE DURAN \/ NORD MEDIA\" width=\"1024\" height=\"683\" \/><\/a><p id=\"caption-attachment-3212\" class=\"wp-caption-text\">Inauguraci\u0097 exposici\u0097 fotogr\u0088fica I don&#8217;t need to know you, de Katia Repina i Luca Aimi a l&#8217;espai Eat Art de Banyoles. PERE DURAN \/ NORD MEDIA<\/p><\/div>\n<div id=\"attachment_3211\" style=\"width: 1034px\" class=\"wp-caption alignnone\"><a href=\"http:\/\/www.fundaciolluiscoromina.org\/wp-content\/uploads\/2016\/09\/In-need-to-Know-P1.jpg\"><img loading=\"lazy\" decoding=\"async\" aria-describedby=\"caption-attachment-3211\" class=\"size-large wp-image-3211\" src=\"http:\/\/www.fundaciolluiscoromina.org\/wp-content\/uploads\/2016\/09\/In-need-to-Know-P1-1024x683.jpg\" alt=\"Inauguraci\u0097 exposici\u0097 fotogr\u0088fica I don't need to know you, de Katia Repina i Luca Aimi a l'espai Eat Art de Banyoles. PERE DURAN \/ NORD MEDIA\" width=\"1024\" height=\"683\" \/><\/a><p id=\"caption-attachment-3211\" class=\"wp-caption-text\">Inauguraci\u0097 exposici\u0097 fotogr\u0088fica I don&#8217;t need to know you, de Katia Repina i Luca Aimi a l&#8217;espai Eat Art de Banyoles. PERE DURAN \/ NORD MEDIA<\/p><\/div>\n","protected":false},"excerpt":{"rendered":"<p>Imatges de la inauguraci\u00f3 de l\u2019exposici\u00f3 &#8216;I DON&#8217;T NEED TO KNOW YOU&#8217; de Katia Repina i Luca Aimi, el passat &#8230;<\/p>\n","protected":false},"author":2,"featured_media":3219,"comment_status":"open","ping_status":"open","sticky":false,"template":"","format":"standard","meta":{"footnotes":""},"categories":[10],"tags":[],"class_list":["post-3210","post","type-post","status-publish","format-standard","has-post-thumbnail","hentry","category-activitats"],"_links":{"self":[{"href":"http:\/\/fundaciolluiscoromina.org\/index.php\/wp-json\/wp\/v2\/posts\/3210","targetHints":{"allow":["GET"]}}],"collection":[{"href":"http:\/\/fundaciolluiscoromina.org\/index.php\/wp-json\/wp\/v2\/posts"}],"about":[{"href":"http:\/\/fundaciolluiscoromina.org\/index.php\/wp-json\/wp\/v2\/types\/post"}],"author":[{"embeddable":true,"href":"http:\/\/fundaciolluiscoromina.org\/index.php\/wp-json\/wp\/v2\/users\/2"}],"replies":[{"embeddable":true,"href":"http:\/\/fundaciolluiscoromina.org\/index.php\/wp-json\/wp\/v2\/comments?post=3210"}],"version-history":[{"count":0,"href":"http:\/\/fundaciolluiscoromina.org\/index.php\/wp-json\/wp\/v2\/posts\/3210\/revisions"}],"wp:attachment":[{"href":"http:\/\/fundaciolluiscoromina.org\/index.php\/wp-json\/wp\/v2\/media?parent=3210"}],"wp:term":[{"taxonomy":"category","embeddable":true,"href":"http:\/\/fundaciolluiscoromina.org\/index.php\/wp-json\/wp\/v2\/categories?post=3210"},{"taxonomy":"post_tag","embeddable":true,"href":"http:\/\/fundaciolluiscoromina.org\/index.php\/wp-json\/wp\/v2\/tags?post=3210"}],"curies":[{"name":"wp","href":"https:\/\/api.w.org\/{rel}","templated":true}]}}