{"id":3272,"date":"2016-10-06T20:38:56","date_gmt":"2016-10-06T18:38:56","guid":{"rendered":"http:\/\/www.fundaciolluiscoromina.org\/?p=3272"},"modified":"2016-10-06T20:38:56","modified_gmt":"2016-10-06T18:38:56","slug":"la-fira-swab-concedeix-el-premi-fundacio-lluis-coromina-a-lua-coderch","status":"publish","type":"post","link":"http:\/\/fundaciolluiscoromina.org\/index.php\/2016\/10\/06\/la-fira-swab-concedeix-el-premi-fundacio-lluis-coromina-a-lua-coderch\/","title":{"rendered":"La fira SWAB concedeix el premi Fundaci\u00f3 Llu\u00eds Coromina a Lua Coderch"},"content":{"rendered":"<p>Aquest any la fira <span class=\"hiddenSpellError\">SWAB<\/span> ha concedit el Premi Fundaci\u00f3 Llu\u00eds Coromina al millor artista catal\u00e0 a <span class=\"hiddenSpellError\">Lua Coderch<\/span> pel v\u00eddeo art &#8216;Night in a Remote Cabin Lit by Kerosene&#8217;. Aquest premi, amb el suport de <span class=\"hiddenSpellError\">Bonart<\/span> Cultural, consisteix en l\u2019adquisici\u00f3 d\u2019una obra d\u2019un artista catal\u00e0 present a la fira.<\/p>\n<p>President del Jurat : Llu\u00eds Coromina, President Fundaci\u00f3 Llu\u00eds Coromina.<br \/>\nMembres del Jurat: Joan M. Minguet (President de l&#8217;Associaci\u00f3 Catalana de Cr\u00edtics d&#8217;Art), Montse Badia (Cr\u00edtica d&#8217;art i Directora art\u00edstica de Cal Cego), Ricard Planas (Cr\u00edtic d&#8217;art i director de bonart cultural), Eulalia Grau (artista) i Nat\u00e0lia Chocarro (Cap de premsa i comunicaci\u00f3 de la Fundaci\u00f3 Vila Casas).<\/p>\n","protected":false},"excerpt":{"rendered":"<p>Aquest any la fira SWAB ha concedit el Premi Fundaci\u00f3 Llu\u00eds Coromina al millor artista catal\u00e0 a Lua Coderch pel &#8230;<\/p>\n","protected":false},"author":2,"featured_media":3271,"comment_status":"open","ping_status":"open","sticky":false,"template":"","format":"standard","meta":{"footnotes":""},"categories":[10],"tags":[],"class_list":["post-3272","post","type-post","status-publish","format-standard","has-post-thumbnail","hentry","category-activitats"],"_links":{"self":[{"href":"http:\/\/fundaciolluiscoromina.org\/index.php\/wp-json\/wp\/v2\/posts\/3272","targetHints":{"allow":["GET"]}}],"collection":[{"href":"http:\/\/fundaciolluiscoromina.org\/index.php\/wp-json\/wp\/v2\/posts"}],"about":[{"href":"http:\/\/fundaciolluiscoromina.org\/index.php\/wp-json\/wp\/v2\/types\/post"}],"author":[{"embeddable":true,"href":"http:\/\/fundaciolluiscoromina.org\/index.php\/wp-json\/wp\/v2\/users\/2"}],"replies":[{"embeddable":true,"href":"http:\/\/fundaciolluiscoromina.org\/index.php\/wp-json\/wp\/v2\/comments?post=3272"}],"version-history":[{"count":0,"href":"http:\/\/fundaciolluiscoromina.org\/index.php\/wp-json\/wp\/v2\/posts\/3272\/revisions"}],"wp:attachment":[{"href":"http:\/\/fundaciolluiscoromina.org\/index.php\/wp-json\/wp\/v2\/media?parent=3272"}],"wp:term":[{"taxonomy":"category","embeddable":true,"href":"http:\/\/fundaciolluiscoromina.org\/index.php\/wp-json\/wp\/v2\/categories?post=3272"},{"taxonomy":"post_tag","embeddable":true,"href":"http:\/\/fundaciolluiscoromina.org\/index.php\/wp-json\/wp\/v2\/tags?post=3272"}],"curies":[{"name":"wp","href":"https:\/\/api.w.org\/{rel}","templated":true}]}}