{"id":3277,"date":"2016-10-10T19:38:45","date_gmt":"2016-10-10T17:38:45","guid":{"rendered":"http:\/\/www.fundaciolluiscoromina.org\/?p=3277"},"modified":"2016-10-10T19:38:45","modified_gmt":"2016-10-10T17:38:45","slug":"presentacio-de-la-cuina-medieval-i-renaixentista-el-nou-llibre-de-jaume-fabrega","status":"publish","type":"post","link":"http:\/\/fundaciolluiscoromina.org\/index.php\/2016\/10\/10\/presentacio-de-la-cuina-medieval-i-renaixentista-el-nou-llibre-de-jaume-fabrega\/","title":{"rendered":"Presentaci\u00f3 de &#8216;La cuina medieval i renaixentista&#8217;, el nou llibre de Jaume F\u00e0brega"},"content":{"rendered":"<p>El passat dissabte dia 8 emmarcat dins ALOJA, FIRA MEDIEVAL FANT\u00c0STICA DE BANYOLES, en Jaume F\u00e0brega va presentar\u00a0a la Fundaci\u00f3 Llu\u00eds Coromina &#8211; Espai Eat Art el seu nou llibre, &#8216;La cuina medieval i renaixentista&#8217; un ampli receptari de cuina precedit d&#8217;un recull de les t\u00e8cniques, els costums i la fusi\u00f3 de les tradicions culin\u00e0ries de l&#8217;\u00e8poca.<\/p>\n<p><a href=\"http:\/\/www.fundaciolluiscoromina.org\/wp-content\/uploads\/2016\/10\/IMG-20161009-WA0005.jpg\"><img loading=\"lazy\" decoding=\"async\" class=\"alignnone size-large wp-image-3278\" src=\"http:\/\/www.fundaciolluiscoromina.org\/wp-content\/uploads\/2016\/10\/IMG-20161009-WA0005-1024x575.jpg\" alt=\"img-20161009-wa0005\" width=\"1024\" height=\"575\" \/><\/a> <a href=\"http:\/\/www.fundaciolluiscoromina.org\/wp-content\/uploads\/2016\/10\/IMG-20161009-WA0006.jpg\"><img loading=\"lazy\" decoding=\"async\" class=\"alignnone size-large wp-image-3279\" src=\"http:\/\/www.fundaciolluiscoromina.org\/wp-content\/uploads\/2016\/10\/IMG-20161009-WA0006-1024x575.jpg\" alt=\"img-20161009-wa0006\" width=\"1024\" height=\"575\" \/><\/a> <a href=\"http:\/\/www.fundaciolluiscoromina.org\/wp-content\/uploads\/2016\/10\/IMG-20161010-WA0000.jpg\"><img loading=\"lazy\" decoding=\"async\" class=\"alignnone size-large wp-image-3280\" src=\"http:\/\/www.fundaciolluiscoromina.org\/wp-content\/uploads\/2016\/10\/IMG-20161010-WA0000-1024x575.jpg\" alt=\"img-20161010-wa0000\" width=\"1024\" height=\"575\" \/><\/a> <a href=\"http:\/\/www.fundaciolluiscoromina.org\/wp-content\/uploads\/2016\/10\/IMG-20161010-WA0001.jpg\"><img loading=\"lazy\" decoding=\"async\" class=\"alignnone size-large wp-image-3281\" src=\"http:\/\/www.fundaciolluiscoromina.org\/wp-content\/uploads\/2016\/10\/IMG-20161010-WA0001-1024x575.jpg\" alt=\"img-20161010-wa0001\" width=\"1024\" height=\"575\" \/><\/a> <a href=\"http:\/\/www.fundaciolluiscoromina.org\/wp-content\/uploads\/2016\/10\/IMG-20161010-WA0002.jpg\"><img loading=\"lazy\" decoding=\"async\" class=\"alignnone size-large wp-image-3282\" src=\"http:\/\/www.fundaciolluiscoromina.org\/wp-content\/uploads\/2016\/10\/IMG-20161010-WA0002-1024x575.jpg\" alt=\"img-20161010-wa0002\" width=\"1024\" height=\"575\" \/><\/a> <a href=\"http:\/\/www.fundaciolluiscoromina.org\/wp-content\/uploads\/2016\/10\/IMG-20161010-WA0003.jpg\"><img loading=\"lazy\" decoding=\"async\" class=\"alignnone size-large wp-image-3283\" src=\"http:\/\/www.fundaciolluiscoromina.org\/wp-content\/uploads\/2016\/10\/IMG-20161010-WA0003-575x1024.jpg\" alt=\"img-20161010-wa0003\" width=\"575\" height=\"1024\" \/><\/a><\/p>\n","protected":false},"excerpt":{"rendered":"<p>El passat dissabte dia 8 emmarcat dins ALOJA, FIRA MEDIEVAL FANT\u00c0STICA DE BANYOLES, en Jaume F\u00e0brega va presentar\u00a0a la Fundaci\u00f3 &#8230;<\/p>\n","protected":false},"author":2,"featured_media":0,"comment_status":"open","ping_status":"open","sticky":false,"template":"","format":"standard","meta":{"footnotes":""},"categories":[10,9,12],"tags":[],"class_list":["post-3277","post","type-post","status-publish","format-standard","hentry","category-activitats","category-historic","category-publicacions"],"_links":{"self":[{"href":"http:\/\/fundaciolluiscoromina.org\/index.php\/wp-json\/wp\/v2\/posts\/3277","targetHints":{"allow":["GET"]}}],"collection":[{"href":"http:\/\/fundaciolluiscoromina.org\/index.php\/wp-json\/wp\/v2\/posts"}],"about":[{"href":"http:\/\/fundaciolluiscoromina.org\/index.php\/wp-json\/wp\/v2\/types\/post"}],"author":[{"embeddable":true,"href":"http:\/\/fundaciolluiscoromina.org\/index.php\/wp-json\/wp\/v2\/users\/2"}],"replies":[{"embeddable":true,"href":"http:\/\/fundaciolluiscoromina.org\/index.php\/wp-json\/wp\/v2\/comments?post=3277"}],"version-history":[{"count":0,"href":"http:\/\/fundaciolluiscoromina.org\/index.php\/wp-json\/wp\/v2\/posts\/3277\/revisions"}],"wp:attachment":[{"href":"http:\/\/fundaciolluiscoromina.org\/index.php\/wp-json\/wp\/v2\/media?parent=3277"}],"wp:term":[{"taxonomy":"category","embeddable":true,"href":"http:\/\/fundaciolluiscoromina.org\/index.php\/wp-json\/wp\/v2\/categories?post=3277"},{"taxonomy":"post_tag","embeddable":true,"href":"http:\/\/fundaciolluiscoromina.org\/index.php\/wp-json\/wp\/v2\/tags?post=3277"}],"curies":[{"name":"wp","href":"https:\/\/api.w.org\/{rel}","templated":true}]}}