{"id":3300,"date":"2016-10-18T20:01:44","date_gmt":"2016-10-18T18:01:44","guid":{"rendered":"http:\/\/www.fundaciolluiscoromina.org\/?p=3300"},"modified":"2016-10-18T20:01:44","modified_gmt":"2016-10-18T18:01:44","slug":"ser-pares-desportistes-el-paper-dels-pares-davant-lexit-i-el-fracas-dels-joves-esportistes-2","status":"publish","type":"post","link":"http:\/\/fundaciolluiscoromina.org\/index.php\/2016\/10\/18\/ser-pares-desportistes-el-paper-dels-pares-davant-lexit-i-el-fracas-dels-joves-esportistes-2\/","title":{"rendered":"Ser pares d&#8217;esportistes: el paper dels pares davant l\u2019\u00e8xit i el frac\u00e0s dels joves esportistes"},"content":{"rendered":"<p>Xerrada-taula rodona sobre el paper dels pares davant l\u2019\u00e8xit i el frac\u00e0s dels joves esportistes.<br \/>\nPerqu\u00e8 els pares tamb\u00e9 juguen un paper decisiu en l\u2019educaci\u00f3 dels valors de l\u2019esport dels joves.<\/p>\n<p>Al Centre C\u00edvic de porqueres,<br \/>\ncarrer Merc\u00e8 Rodoreda, 5 &#8211; 17834 Porqueres<\/p>\n<p><a href=\"http:\/\/www.fundaciolluiscoromina.org\/wp-content\/uploads\/2016\/10\/Invitacio\u0301-Xerrades-psicologia-i-esport2.jpg\"><img loading=\"lazy\" decoding=\"async\" class=\"alignnone size-large wp-image-3294\" src=\"http:\/\/www.fundaciolluiscoromina.org\/wp-content\/uploads\/2016\/10\/Invitacio\u0301-Xerrades-psicologia-i-esport2-1024x698.jpg\" alt=\"invitacio-xerrades-psicologia-i-esport2\" width=\"1024\" height=\"698\" \/><\/a><\/p>\n","protected":false},"excerpt":{"rendered":"<p>Xerrada-taula rodona sobre el paper dels pares davant l\u2019\u00e8xit i el frac\u00e0s dels joves esportistes. Perqu\u00e8 els pares tamb\u00e9 juguen &#8230;<\/p>\n","protected":false},"author":2,"featured_media":3275,"comment_status":"open","ping_status":"open","sticky":false,"template":"","format":"standard","meta":{"footnotes":""},"categories":[11],"tags":[],"class_list":["post-3300","post","type-post","status-publish","format-standard","has-post-thumbnail","hentry","category-educacio-2"],"_links":{"self":[{"href":"http:\/\/fundaciolluiscoromina.org\/index.php\/wp-json\/wp\/v2\/posts\/3300","targetHints":{"allow":["GET"]}}],"collection":[{"href":"http:\/\/fundaciolluiscoromina.org\/index.php\/wp-json\/wp\/v2\/posts"}],"about":[{"href":"http:\/\/fundaciolluiscoromina.org\/index.php\/wp-json\/wp\/v2\/types\/post"}],"author":[{"embeddable":true,"href":"http:\/\/fundaciolluiscoromina.org\/index.php\/wp-json\/wp\/v2\/users\/2"}],"replies":[{"embeddable":true,"href":"http:\/\/fundaciolluiscoromina.org\/index.php\/wp-json\/wp\/v2\/comments?post=3300"}],"version-history":[{"count":0,"href":"http:\/\/fundaciolluiscoromina.org\/index.php\/wp-json\/wp\/v2\/posts\/3300\/revisions"}],"wp:attachment":[{"href":"http:\/\/fundaciolluiscoromina.org\/index.php\/wp-json\/wp\/v2\/media?parent=3300"}],"wp:term":[{"taxonomy":"category","embeddable":true,"href":"http:\/\/fundaciolluiscoromina.org\/index.php\/wp-json\/wp\/v2\/categories?post=3300"},{"taxonomy":"post_tag","embeddable":true,"href":"http:\/\/fundaciolluiscoromina.org\/index.php\/wp-json\/wp\/v2\/tags?post=3300"}],"curies":[{"name":"wp","href":"https:\/\/api.w.org\/{rel}","templated":true}]}}