{"id":3303,"date":"2016-10-18T20:11:16","date_gmt":"2016-10-18T18:11:16","guid":{"rendered":"http:\/\/www.fundaciolluiscoromina.org\/?p=3303"},"modified":"2016-10-18T20:11:16","modified_gmt":"2016-10-18T18:11:16","slug":"inauguracio-de-lexposicio-carles-fontsere-60-000-fotografies","status":"publish","type":"post","link":"http:\/\/fundaciolluiscoromina.org\/index.php\/2016\/10\/18\/inauguracio-de-lexposicio-carles-fontsere-60-000-fotografies\/","title":{"rendered":"Inauguraci\u00f3 de l&#8217;exposici\u00f3 &#8216;Carles Fontser\u00e8. 60.000 fotografies&#8217;"},"content":{"rendered":"<p>&nbsp;<\/p>\n<p>Exposici\u00f3 que reinterpreta la documentaci\u00f3 generada per Carles Fontser\u00e8 en clau contempor\u00e0nia. La mostra fa una aproximaci\u00f3 a la tasca de fotoperiodista del polifac\u00e8tic Carles Fontser\u00e8 a partir del treball que els artistes Carlus Camps, Xavier P\u00e9rez i Manel Bayo han realitzat a partir de l\u2019ingent fons fotogr\u00e0fic de l\u2019artista. Camps, P\u00e9rez i Bayo emprenen la tasca d\u2019apropar-se a la mirada d\u2019un artista incansable, prol\u00edfic i met\u00f2dic, que semblaria que ha fotografiat tot all\u00f2 que es podia fotografiar. Cada un dels artistes desenvolupa una s\u00e8rie d\u2019estrat\u00e8gies per tal d\u2019atrapar la mirada particular d\u2019aquest n\u00f2mada contemporani.<\/p>\n<p>Exposici\u00f3 comissariada per Carlus Camps, Xavier P\u00e9rez i Manel Bayo.<\/p>\n<p><a href=\"http:\/\/www.fundaciolluiscoromina.org\/wp-content\/uploads\/2016\/10\/IMG-20161023-WA0019.jpg\"><img loading=\"lazy\" decoding=\"async\" class=\"alignnone size-large wp-image-3320\" src=\"http:\/\/www.fundaciolluiscoromina.org\/wp-content\/uploads\/2016\/10\/IMG-20161023-WA0019-1024x768.jpg\" alt=\"img-20161023-wa0019\" width=\"1024\" height=\"768\" \/><\/a><a href=\"http:\/\/www.fundaciolluiscoromina.org\/wp-content\/uploads\/2016\/10\/IMG-20161025-WA0001.jpg\"><img loading=\"lazy\" decoding=\"async\" class=\"alignnone size-large wp-image-3324\" src=\"http:\/\/www.fundaciolluiscoromina.org\/wp-content\/uploads\/2016\/10\/IMG-20161025-WA0001-1024x768.jpg\" alt=\"img-20161025-wa0001\" width=\"1024\" height=\"768\" \/><\/a> <a href=\"http:\/\/www.fundaciolluiscoromina.org\/wp-content\/uploads\/2016\/10\/IMG-20161025-WA0000.jpg\"><img loading=\"lazy\" decoding=\"async\" class=\"alignnone size-large wp-image-3323\" src=\"http:\/\/www.fundaciolluiscoromina.org\/wp-content\/uploads\/2016\/10\/IMG-20161025-WA0000-1024x768.jpg\" alt=\"img-20161025-wa0000\" width=\"1024\" height=\"768\" \/><\/a> <a href=\"http:\/\/www.fundaciolluiscoromina.org\/wp-content\/uploads\/2016\/10\/IMG-20161023-WA0020.jpg\"><img loading=\"lazy\" decoding=\"async\" class=\"alignnone size-large wp-image-3321\" src=\"http:\/\/www.fundaciolluiscoromina.org\/wp-content\/uploads\/2016\/10\/IMG-20161023-WA0020-1024x768.jpg\" alt=\"img-20161023-wa0020\" width=\"1024\" height=\"768\" \/><\/a><\/p>\n<div id=\"attachment_3319\" style=\"width: 1034px\" class=\"wp-caption alignnone\"><a href=\"http:\/\/www.fundaciolluiscoromina.org\/wp-content\/uploads\/2016\/10\/CF-60000-Fotografies-P12.jpg\"><img loading=\"lazy\" decoding=\"async\" aria-describedby=\"caption-attachment-3319\" class=\"size-large wp-image-3319\" src=\"http:\/\/www.fundaciolluiscoromina.org\/wp-content\/uploads\/2016\/10\/CF-60000-Fotografies-P12-1024x683.jpg\" alt=\"Exposici\u00f3 Carles Fontser\u00e8 60.000 Fotografies a l'espai Eat Art de Banyoles. Pere Duran \/ Nord Media\" width=\"1024\" height=\"683\" \/><\/a><p id=\"caption-attachment-3319\" class=\"wp-caption-text\">Exposici\u00f3 Carles Fontser\u00e8 60.000 Fotografies a l&#8217;espai Eat Art de Banyoles. Pere Duran \/ Nord Media<\/p><\/div>\n<div id=\"attachment_3318\" style=\"width: 1034px\" class=\"wp-caption alignnone\"><a href=\"http:\/\/www.fundaciolluiscoromina.org\/wp-content\/uploads\/2016\/10\/CF-60000-Fotografies-P11.jpg\"><img loading=\"lazy\" decoding=\"async\" aria-describedby=\"caption-attachment-3318\" class=\"size-large wp-image-3318\" src=\"http:\/\/www.fundaciolluiscoromina.org\/wp-content\/uploads\/2016\/10\/CF-60000-Fotografies-P11-1024x683.jpg\" alt=\"Exposici\u00f3 Carles Fontser\u00e8 60.000 Fotografies a l'espai Eat Art de Banyoles. Pere Duran \/ Nord Media\" width=\"1024\" height=\"683\" \/><\/a><p id=\"caption-attachment-3318\" class=\"wp-caption-text\">Exposici\u00f3 Carles Fontser\u00e8 60.000 Fotografies a l&#8217;espai Eat Art de Banyoles. Pere Duran \/ Nord Media<\/p><\/div>\n<div id=\"attachment_3317\" style=\"width: 1034px\" class=\"wp-caption alignnone\"><a href=\"http:\/\/www.fundaciolluiscoromina.org\/wp-content\/uploads\/2016\/10\/CF-60000-Fotografies-P10.jpg\"><img loading=\"lazy\" decoding=\"async\" aria-describedby=\"caption-attachment-3317\" class=\"size-large wp-image-3317\" src=\"http:\/\/www.fundaciolluiscoromina.org\/wp-content\/uploads\/2016\/10\/CF-60000-Fotografies-P10-1024x683.jpg\" alt=\"Exposici\u00f3 Carles Fontser\u00e8 60.000 Fotografies a l'espai Eat Art de Banyoles. Pere Duran \/ Nord Media\" width=\"1024\" height=\"683\" \/><\/a><p id=\"caption-attachment-3317\" class=\"wp-caption-text\">Exposici\u00f3 Carles Fontser\u00e8 60.000 Fotografies a l&#8217;espai Eat Art de Banyoles. Pere Duran \/ Nord Media<\/p><\/div>\n<div id=\"attachment_3316\" style=\"width: 1034px\" class=\"wp-caption alignnone\"><a href=\"http:\/\/www.fundaciolluiscoromina.org\/wp-content\/uploads\/2016\/10\/CF-60000-Fotografies-P9.jpg\"><img loading=\"lazy\" decoding=\"async\" aria-describedby=\"caption-attachment-3316\" class=\"size-large wp-image-3316\" src=\"http:\/\/www.fundaciolluiscoromina.org\/wp-content\/uploads\/2016\/10\/CF-60000-Fotografies-P9-1024x683.jpg\" alt=\"Exposici\u00f3 Carles Fontser\u00e8 60.000 Fotografies a l'espai Eat Art de Banyoles. Pere Duran \/ Nord Media\" width=\"1024\" height=\"683\" \/><\/a><p id=\"caption-attachment-3316\" class=\"wp-caption-text\">Exposici\u00f3 Carles Fontser\u00e8 60.000 Fotografies a l&#8217;espai Eat Art de Banyoles. Pere Duran \/ Nord Media<\/p><\/div>\n<div id=\"attachment_3315\" style=\"width: 1034px\" class=\"wp-caption alignnone\"><a href=\"http:\/\/www.fundaciolluiscoromina.org\/wp-content\/uploads\/2016\/10\/CF-60000-Fotografies-P8.jpg\"><img loading=\"lazy\" decoding=\"async\" aria-describedby=\"caption-attachment-3315\" class=\"size-large wp-image-3315\" src=\"http:\/\/www.fundaciolluiscoromina.org\/wp-content\/uploads\/2016\/10\/CF-60000-Fotografies-P8-1024x683.jpg\" alt=\"Exposici\u00f3 Carles Fontser\u00e8 60.000 Fotografies a l'espai Eat Art de Banyoles. Pere Duran \/ Nord Media\" width=\"1024\" height=\"683\" \/><\/a><p id=\"caption-attachment-3315\" class=\"wp-caption-text\">Exposici\u00f3 Carles Fontser\u00e8 60.000 Fotografies a l&#8217;espai Eat Art de Banyoles. Pere Duran \/ Nord Media<\/p><\/div>\n<div id=\"attachment_3312\" style=\"width: 1034px\" class=\"wp-caption alignnone\"><a href=\"http:\/\/www.fundaciolluiscoromina.org\/wp-content\/uploads\/2016\/10\/CF-60000-Fotografies-P6.jpg\"><img loading=\"lazy\" decoding=\"async\" aria-describedby=\"caption-attachment-3312\" class=\"size-large wp-image-3312\" src=\"http:\/\/www.fundaciolluiscoromina.org\/wp-content\/uploads\/2016\/10\/CF-60000-Fotografies-P6-1024x683.jpg\" alt=\"Exposici\u00f3 Carles Fontser\u00e8 60.000 Fotografies a l'espai Eat Art de Banyoles. Pere Duran \/ Nord Media\" width=\"1024\" height=\"683\" \/><\/a><p id=\"caption-attachment-3312\" class=\"wp-caption-text\">Exposici\u00f3 Carles Fontser\u00e8 60.000 Fotografies a l&#8217;espai Eat Art de Banyoles. Pere Duran \/ Nord Media<\/p><\/div>\n<div id=\"attachment_3311\" style=\"width: 1034px\" class=\"wp-caption alignnone\"><a href=\"http:\/\/www.fundaciolluiscoromina.org\/wp-content\/uploads\/2016\/10\/CF-60000-Fotografies-P5.jpg\"><img loading=\"lazy\" decoding=\"async\" aria-describedby=\"caption-attachment-3311\" class=\"size-large wp-image-3311\" src=\"http:\/\/www.fundaciolluiscoromina.org\/wp-content\/uploads\/2016\/10\/CF-60000-Fotografies-P5-1024x683.jpg\" alt=\"Exposici\u00f3 Carles Fontser\u00e8 60.000 Fotografies a l'espai Eat Art de Banyoles. Pere Duran \/ Nord Media\" width=\"1024\" height=\"683\" \/><\/a><p id=\"caption-attachment-3311\" class=\"wp-caption-text\">Exposici\u00f3 Carles Fontser\u00e8 60.000 Fotografies a l&#8217;espai Eat Art de Banyoles. Pere Duran \/ Nord Media<\/p><\/div>\n<div id=\"attachment_3310\" style=\"width: 1034px\" class=\"wp-caption alignnone\"><a href=\"http:\/\/www.fundaciolluiscoromina.org\/wp-content\/uploads\/2016\/10\/CF-60000-Fotografies-P4.jpg\"><img loading=\"lazy\" decoding=\"async\" aria-describedby=\"caption-attachment-3310\" class=\"size-large wp-image-3310\" src=\"http:\/\/www.fundaciolluiscoromina.org\/wp-content\/uploads\/2016\/10\/CF-60000-Fotografies-P4-1024x683.jpg\" alt=\"Exposici\u00f3 Carles Fontser\u00e8 60.000 Fotografies a l'espai Eat Art de Banyoles. Pere Duran \/ Nord Media\" width=\"1024\" height=\"683\" \/><\/a><p id=\"caption-attachment-3310\" class=\"wp-caption-text\">Exposici\u00f3 Carles Fontser\u00e8 60.000 Fotografies a l&#8217;espai Eat Art de Banyoles. Pere Duran \/ Nord Media<\/p><\/div>\n<div id=\"attachment_3309\" style=\"width: 1034px\" class=\"wp-caption alignnone\"><a href=\"http:\/\/www.fundaciolluiscoromina.org\/wp-content\/uploads\/2016\/10\/CF-60000-Fotografies-P3.jpg\"><img loading=\"lazy\" decoding=\"async\" aria-describedby=\"caption-attachment-3309\" class=\"size-large wp-image-3309\" src=\"http:\/\/www.fundaciolluiscoromina.org\/wp-content\/uploads\/2016\/10\/CF-60000-Fotografies-P3-1024x683.jpg\" alt=\"Exposici\u00f3 Carles Fontser\u00e8 60.000 Fotografies a l'espai Eat Art de Banyoles. Pere Duran \/ Nord Media\" width=\"1024\" height=\"683\" \/><\/a><p id=\"caption-attachment-3309\" class=\"wp-caption-text\">Exposici\u00f3 Carles Fontser\u00e8 60.000 Fotografies a l&#8217;espai Eat Art de Banyoles. Pere Duran \/ Nord Media<\/p><\/div>\n<div id=\"attachment_3308\" style=\"width: 1034px\" class=\"wp-caption alignnone\"><a href=\"http:\/\/www.fundaciolluiscoromina.org\/wp-content\/uploads\/2016\/10\/CF-60000-Fotografies-P2.jpg\"><img loading=\"lazy\" decoding=\"async\" aria-describedby=\"caption-attachment-3308\" class=\"size-large wp-image-3308\" src=\"http:\/\/www.fundaciolluiscoromina.org\/wp-content\/uploads\/2016\/10\/CF-60000-Fotografies-P2-1024x683.jpg\" alt=\"Exposici\u00f3 Carles Fontser\u00e8 60.000 Fotografies a l'espai Eat Art de Banyoles. Pere Duran \/ Nord Media\" width=\"1024\" height=\"683\" \/><\/a><p id=\"caption-attachment-3308\" class=\"wp-caption-text\">Exposici\u00f3 Carles Fontser\u00e8 60.000 Fotografies a l&#8217;espai Eat Art de Banyoles. Pere Duran \/ Nord Media<\/p><\/div>\n","protected":false},"excerpt":{"rendered":"<p>&nbsp; Exposici\u00f3 que reinterpreta la documentaci\u00f3 generada per Carles Fontser\u00e8 en clau contempor\u00e0nia. La mostra fa una aproximaci\u00f3 a la &#8230;<\/p>\n","protected":false},"author":2,"featured_media":3316,"comment_status":"open","ping_status":"open","sticky":false,"template":"","format":"standard","meta":{"footnotes":""},"categories":[10],"tags":[],"class_list":["post-3303","post","type-post","status-publish","format-standard","has-post-thumbnail","hentry","category-activitats"],"_links":{"self":[{"href":"http:\/\/fundaciolluiscoromina.org\/index.php\/wp-json\/wp\/v2\/posts\/3303","targetHints":{"allow":["GET"]}}],"collection":[{"href":"http:\/\/fundaciolluiscoromina.org\/index.php\/wp-json\/wp\/v2\/posts"}],"about":[{"href":"http:\/\/fundaciolluiscoromina.org\/index.php\/wp-json\/wp\/v2\/types\/post"}],"author":[{"embeddable":true,"href":"http:\/\/fundaciolluiscoromina.org\/index.php\/wp-json\/wp\/v2\/users\/2"}],"replies":[{"embeddable":true,"href":"http:\/\/fundaciolluiscoromina.org\/index.php\/wp-json\/wp\/v2\/comments?post=3303"}],"version-history":[{"count":0,"href":"http:\/\/fundaciolluiscoromina.org\/index.php\/wp-json\/wp\/v2\/posts\/3303\/revisions"}],"wp:attachment":[{"href":"http:\/\/fundaciolluiscoromina.org\/index.php\/wp-json\/wp\/v2\/media?parent=3303"}],"wp:term":[{"taxonomy":"category","embeddable":true,"href":"http:\/\/fundaciolluiscoromina.org\/index.php\/wp-json\/wp\/v2\/categories?post=3303"},{"taxonomy":"post_tag","embeddable":true,"href":"http:\/\/fundaciolluiscoromina.org\/index.php\/wp-json\/wp\/v2\/tags?post=3303"}],"curies":[{"name":"wp","href":"https:\/\/api.w.org\/{rel}","templated":true}]}}