{"id":3328,"date":"2016-10-25T20:19:30","date_gmt":"2016-10-25T18:19:30","guid":{"rendered":"http:\/\/www.fundaciolluiscoromina.org\/?p=3328"},"modified":"2016-10-25T20:19:30","modified_gmt":"2016-10-25T18:19:30","slug":"i-jornada-de-lesport-david-moner-psicologia-de-lalt-rendiment-2","status":"publish","type":"post","link":"http:\/\/fundaciolluiscoromina.org\/index.php\/2016\/10\/25\/i-jornada-de-lesport-david-moner-psicologia-de-lalt-rendiment-2\/","title":{"rendered":"I Jornada de l&#8217;Esport David Moner psicologia de l&#8217;alt rendiment"},"content":{"rendered":"<p>La Fundaci\u00f3 Llu\u00eds Coromina i <span class=\"hiddenSpellError\">EUSES<\/span>-Escola Universit\u00e0ria de la Salut i l&#8217;Esport va celebrar la I Jornada de l&#8217;Esport David Moner, el passat divendres 21 d&#8217;octubre a l&#8217;escola <span class=\"hiddenSpellError\">EUSES<\/span> (Escola Universit\u00e0ria De La Salut I L&#8217;Esport) de Salt, amb un alt nivell de participaci\u00f3.<\/p>\n<div id=\"attachment_3329\" style=\"width: 1034px\" class=\"wp-caption alignnone\"><a href=\"http:\/\/www.fundaciolluiscoromina.org\/wp-content\/uploads\/2016\/10\/Jornada-Esport-D-Moner-P2.jpg\"><img loading=\"lazy\" decoding=\"async\" aria-describedby=\"caption-attachment-3329\" class=\"size-large wp-image-3329\" src=\"http:\/\/www.fundaciolluiscoromina.org\/wp-content\/uploads\/2016\/10\/Jornada-Esport-D-Moner-P2-1024x683.jpg\" alt=\"I Jornada de l'Esport David Moner a l'Euses Escola Universit\u00e0ria de la Salut i l'Esport a Salt. PERE DURAN \/ NORD MEDIA\" width=\"1024\" height=\"683\" \/><\/a><p id=\"caption-attachment-3329\" class=\"wp-caption-text\">I Jornada de l&#8217;Esport David Moner a l&#8217;Euses Escola Universit\u00e0ria de la Salut i l&#8217;Esport a Salt. PERE DURAN \/ NORD MEDIA<\/p><\/div>\n<div id=\"attachment_3330\" style=\"width: 1034px\" class=\"wp-caption alignnone\"><a href=\"http:\/\/www.fundaciolluiscoromina.org\/wp-content\/uploads\/2016\/10\/Jornada-Esport-D-Moner-P3.jpg\"><img loading=\"lazy\" decoding=\"async\" aria-describedby=\"caption-attachment-3330\" class=\"size-large wp-image-3330\" src=\"http:\/\/www.fundaciolluiscoromina.org\/wp-content\/uploads\/2016\/10\/Jornada-Esport-D-Moner-P3-1024x683.jpg\" alt=\"I Jornada de l'Esport David Moner a l'Euses Escola Universit\u00e0ria de la Salut i l'Esport a Salt. PERE DURAN \/ NORD MEDIA\" width=\"1024\" height=\"683\" \/><\/a><p id=\"caption-attachment-3330\" class=\"wp-caption-text\">I Jornada de l&#8217;Esport David Moner a l&#8217;Euses Escola Universit\u00e0ria de la Salut i l&#8217;Esport a Salt. PERE DURAN \/ NORD MEDIA<\/p><\/div>\n<div id=\"attachment_3331\" style=\"width: 1034px\" class=\"wp-caption alignnone\"><a href=\"http:\/\/www.fundaciolluiscoromina.org\/wp-content\/uploads\/2016\/10\/Jornada-Esport-D-Moner-P4.jpg\"><img loading=\"lazy\" decoding=\"async\" aria-describedby=\"caption-attachment-3331\" class=\"size-large wp-image-3331\" src=\"http:\/\/www.fundaciolluiscoromina.org\/wp-content\/uploads\/2016\/10\/Jornada-Esport-D-Moner-P4-1024x683.jpg\" alt=\"I Jornada de l'Esport David Moner a l'Euses Escola Universit\u00e0ria de la Salut i l'Esport a Salt. PERE DURAN \/ NORD MEDIA\" width=\"1024\" height=\"683\" \/><\/a><p id=\"caption-attachment-3331\" class=\"wp-caption-text\">I Jornada de l&#8217;Esport David Moner a l&#8217;Euses Escola Universit\u00e0ria de la Salut i l&#8217;Esport a Salt. PERE DURAN \/ NORD MEDIA<\/p><\/div>\n<div id=\"attachment_3332\" style=\"width: 1034px\" class=\"wp-caption alignnone\"><a href=\"http:\/\/www.fundaciolluiscoromina.org\/wp-content\/uploads\/2016\/10\/Jornada-Esport-D-Moner-P5.jpg\"><img loading=\"lazy\" decoding=\"async\" aria-describedby=\"caption-attachment-3332\" class=\"size-large wp-image-3332\" src=\"http:\/\/www.fundaciolluiscoromina.org\/wp-content\/uploads\/2016\/10\/Jornada-Esport-D-Moner-P5-1024x683.jpg\" alt=\"I Jornada de l'Esport David Moner a l'Euses Escola Universit\u00e0ria de la Salut i l'Esport a Salt. PERE DURAN \/ NORD MEDIA\" width=\"1024\" height=\"683\" \/><\/a><p id=\"caption-attachment-3332\" class=\"wp-caption-text\">I Jornada de l&#8217;Esport David Moner a l&#8217;Euses Escola Universit\u00e0ria de la Salut i l&#8217;Esport a Salt. PERE DURAN \/ NORD MEDIA<\/p><\/div>\n<div id=\"attachment_3333\" style=\"width: 1034px\" class=\"wp-caption alignnone\"><a href=\"http:\/\/www.fundaciolluiscoromina.org\/wp-content\/uploads\/2016\/10\/Jornada-Esport-D-Moner-P6.jpg\"><img loading=\"lazy\" decoding=\"async\" aria-describedby=\"caption-attachment-3333\" class=\"size-large wp-image-3333\" src=\"http:\/\/www.fundaciolluiscoromina.org\/wp-content\/uploads\/2016\/10\/Jornada-Esport-D-Moner-P6-1024x683.jpg\" alt=\"I Jornada de l'Esport David Moner a l'Euses Escola Universit\u00e0ria de la Salut i l'Esport a Salt. PERE DURAN \/ NORD MEDIA\" width=\"1024\" height=\"683\" \/><\/a><p id=\"caption-attachment-3333\" class=\"wp-caption-text\">I Jornada de l&#8217;Esport David Moner a l&#8217;Euses Escola Universit\u00e0ria de la Salut i l&#8217;Esport a Salt. PERE DURAN \/ NORD MEDIA<\/p><\/div>\n<div id=\"attachment_3334\" style=\"width: 1034px\" class=\"wp-caption alignnone\"><a href=\"http:\/\/www.fundaciolluiscoromina.org\/wp-content\/uploads\/2016\/10\/Jornada-Esport-D-Moner-P7.jpg\"><img loading=\"lazy\" decoding=\"async\" aria-describedby=\"caption-attachment-3334\" class=\"size-large wp-image-3334\" src=\"http:\/\/www.fundaciolluiscoromina.org\/wp-content\/uploads\/2016\/10\/Jornada-Esport-D-Moner-P7-1024x683.jpg\" alt=\"I Jornada de l'Esport David Moner a l'Euses Escola Universit\u00e0ria de la Salut i l'Esport a Salt. PERE DURAN \/ NORD MEDIA\" width=\"1024\" height=\"683\" \/><\/a><p id=\"caption-attachment-3334\" class=\"wp-caption-text\">I Jornada de l&#8217;Esport David Moner a l&#8217;Euses Escola Universit\u00e0ria de la Salut i l&#8217;Esport a Salt. PERE DURAN \/ NORD MEDIA<\/p><\/div>\n<div id=\"attachment_3335\" style=\"width: 1034px\" class=\"wp-caption alignnone\"><a href=\"http:\/\/www.fundaciolluiscoromina.org\/wp-content\/uploads\/2016\/10\/Jornada-Esport-D-Moner-P8.jpg\"><img loading=\"lazy\" decoding=\"async\" aria-describedby=\"caption-attachment-3335\" class=\"size-large wp-image-3335\" src=\"http:\/\/www.fundaciolluiscoromina.org\/wp-content\/uploads\/2016\/10\/Jornada-Esport-D-Moner-P8-1024x683.jpg\" alt=\"I Jornada de l'Esport David Moner a l'Euses Escola Universit\u00e0ria de la Salut i l'Esport a Salt. PERE DURAN \/ NORD MEDIA\" width=\"1024\" height=\"683\" \/><\/a><p id=\"caption-attachment-3335\" class=\"wp-caption-text\">I Jornada de l&#8217;Esport David Moner a l&#8217;Euses Escola Universit\u00e0ria de la Salut i l&#8217;Esport a Salt. PERE DURAN \/ NORD MEDIA<\/p><\/div>\n<div id=\"attachment_3336\" style=\"width: 1034px\" class=\"wp-caption alignnone\"><a href=\"http:\/\/www.fundaciolluiscoromina.org\/wp-content\/uploads\/2016\/10\/Jornada-Esport-D-Moner-P9.jpg\"><img loading=\"lazy\" decoding=\"async\" aria-describedby=\"caption-attachment-3336\" class=\"size-large wp-image-3336\" src=\"http:\/\/www.fundaciolluiscoromina.org\/wp-content\/uploads\/2016\/10\/Jornada-Esport-D-Moner-P9-1024x683.jpg\" alt=\"I Jornada de l'Esport David Moner a l'Euses Escola Universit\u00e0ria de la Salut i l'Esport a Salt. PERE DURAN \/ NORD MEDIA\" width=\"1024\" height=\"683\" \/><\/a><p id=\"caption-attachment-3336\" class=\"wp-caption-text\">I Jornada de l&#8217;Esport David Moner a l&#8217;Euses Escola Universit\u00e0ria de la Salut i l&#8217;Esport a Salt. PERE DURAN \/ NORD MEDIA<\/p><\/div>\n<div id=\"attachment_3337\" style=\"width: 1034px\" class=\"wp-caption alignnone\"><a href=\"http:\/\/www.fundaciolluiscoromina.org\/wp-content\/uploads\/2016\/10\/Jornada-Esport-D-Moner-P10.jpg\"><img loading=\"lazy\" decoding=\"async\" aria-describedby=\"caption-attachment-3337\" class=\"size-large wp-image-3337\" src=\"http:\/\/www.fundaciolluiscoromina.org\/wp-content\/uploads\/2016\/10\/Jornada-Esport-D-Moner-P10-1024x683.jpg\" alt=\"I Jornada de l'Esport David Moner a l'Euses Escola Universit\u00e0ria de la Salut i l'Esport a Salt. PERE DURAN \/ NORD MEDIA\" width=\"1024\" height=\"683\" \/><\/a><p id=\"caption-attachment-3337\" class=\"wp-caption-text\">I Jornada de l&#8217;Esport David Moner a l&#8217;Euses Escola Universit\u00e0ria de la Salut i l&#8217;Esport a Salt. PERE DURAN \/ NORD MEDIA<\/p><\/div>\n<div id=\"attachment_3338\" style=\"width: 1034px\" class=\"wp-caption alignnone\"><a href=\"http:\/\/www.fundaciolluiscoromina.org\/wp-content\/uploads\/2016\/10\/Jornada-Esport-D-Moner-P11.jpg\"><img loading=\"lazy\" decoding=\"async\" aria-describedby=\"caption-attachment-3338\" class=\"size-large wp-image-3338\" src=\"http:\/\/www.fundaciolluiscoromina.org\/wp-content\/uploads\/2016\/10\/Jornada-Esport-D-Moner-P11-1024x683.jpg\" alt=\"I Jornada de l'Esport David Moner a l'Euses Escola Universit\u00e0ria de la Salut i l'Esport a Salt. PERE DURAN \/ NORD MEDIA\" width=\"1024\" height=\"683\" \/><\/a><p id=\"caption-attachment-3338\" class=\"wp-caption-text\">I Jornada de l&#8217;Esport David Moner a l&#8217;Euses Escola Universit\u00e0ria de la Salut i l&#8217;Esport a Salt. PERE DURAN \/ NORD MEDIA<\/p><\/div>\n<div id=\"attachment_3339\" style=\"width: 1034px\" class=\"wp-caption alignnone\"><a href=\"http:\/\/www.fundaciolluiscoromina.org\/wp-content\/uploads\/2016\/10\/Jornada-Esport-D-Moner-P12.jpg\"><img loading=\"lazy\" decoding=\"async\" aria-describedby=\"caption-attachment-3339\" class=\"size-large wp-image-3339\" src=\"http:\/\/www.fundaciolluiscoromina.org\/wp-content\/uploads\/2016\/10\/Jornada-Esport-D-Moner-P12-1024x683.jpg\" alt=\"I Jornada de l'Esport David Moner a l'Euses Escola Universit\u00e0ria de la Salut i l'Esport a Salt. PERE DURAN \/ NORD MEDIA\" width=\"1024\" height=\"683\" \/><\/a><p id=\"caption-attachment-3339\" class=\"wp-caption-text\">I Jornada de l&#8217;Esport David Moner a l&#8217;Euses Escola Universit\u00e0ria de la Salut i l&#8217;Esport a Salt. PERE DURAN \/ NORD MEDIA<\/p><\/div>\n<div id=\"attachment_3340\" style=\"width: 1034px\" class=\"wp-caption alignnone\"><a href=\"http:\/\/www.fundaciolluiscoromina.org\/wp-content\/uploads\/2016\/10\/Jornada-Esport-D-Moner-P13.jpg\"><img loading=\"lazy\" decoding=\"async\" aria-describedby=\"caption-attachment-3340\" class=\"size-large wp-image-3340\" src=\"http:\/\/www.fundaciolluiscoromina.org\/wp-content\/uploads\/2016\/10\/Jornada-Esport-D-Moner-P13-1024x683.jpg\" alt=\"I Jornada de l'Esport David Moner a l'Euses Escola Universit\u00e0ria de la Salut i l'Esport a Salt. PERE DURAN \/ NORD MEDIA\" width=\"1024\" height=\"683\" \/><\/a><p id=\"caption-attachment-3340\" class=\"wp-caption-text\">I Jornada de l&#8217;Esport David Moner a l&#8217;Euses Escola Universit\u00e0ria de la Salut i l&#8217;Esport a Salt. PERE DURAN \/ NORD MEDIA<\/p><\/div>\n<div id=\"attachment_3341\" style=\"width: 1034px\" class=\"wp-caption alignnone\"><a href=\"http:\/\/www.fundaciolluiscoromina.org\/wp-content\/uploads\/2016\/10\/Jornada-Esport-D-Moner-P14.jpg\"><img loading=\"lazy\" decoding=\"async\" aria-describedby=\"caption-attachment-3341\" class=\"size-large wp-image-3341\" src=\"http:\/\/www.fundaciolluiscoromina.org\/wp-content\/uploads\/2016\/10\/Jornada-Esport-D-Moner-P14-1024x683.jpg\" alt=\"I Jornada de l'Esport David Moner a l'Euses Escola Universit\u00e0ria de la Salut i l'Esport a Salt. PERE DURAN \/ NORD MEDIA\" width=\"1024\" height=\"683\" \/><\/a><p id=\"caption-attachment-3341\" class=\"wp-caption-text\">I Jornada de l&#8217;Esport David Moner a l&#8217;Euses Escola Universit\u00e0ria de la Salut i l&#8217;Esport a Salt. PERE DURAN \/ NORD MEDIA<\/p><\/div>\n<div id=\"attachment_3342\" style=\"width: 1034px\" class=\"wp-caption alignnone\"><a href=\"http:\/\/www.fundaciolluiscoromina.org\/wp-content\/uploads\/2016\/10\/Jornada-Esport-D-Moner-P15.jpg\"><img loading=\"lazy\" decoding=\"async\" aria-describedby=\"caption-attachment-3342\" class=\"size-large wp-image-3342\" src=\"http:\/\/www.fundaciolluiscoromina.org\/wp-content\/uploads\/2016\/10\/Jornada-Esport-D-Moner-P15-1024x683.jpg\" alt=\"I Jornada de l'Esport David Moner a l'Euses Escola Universit\u00e0ria de la Salut i l'Esport a Salt. PERE DURAN \/ NORD MEDIA\" width=\"1024\" height=\"683\" \/><\/a><p id=\"caption-attachment-3342\" class=\"wp-caption-text\">I Jornada de l&#8217;Esport David Moner a l&#8217;Euses Escola Universit\u00e0ria de la Salut i l&#8217;Esport a Salt. PERE DURAN \/ NORD MEDIA<\/p><\/div>\n","protected":false},"excerpt":{"rendered":"<p>La Fundaci\u00f3 Llu\u00eds Coromina i EUSES-Escola Universit\u00e0ria de la Salut i l&#8217;Esport va celebrar la I Jornada de l&#8217;Esport David &#8230;<\/p>\n","protected":false},"author":2,"featured_media":3341,"comment_status":"open","ping_status":"open","sticky":false,"template":"","format":"standard","meta":{"footnotes":""},"categories":[10],"tags":[],"class_list":["post-3328","post","type-post","status-publish","format-standard","has-post-thumbnail","hentry","category-activitats"],"_links":{"self":[{"href":"http:\/\/fundaciolluiscoromina.org\/index.php\/wp-json\/wp\/v2\/posts\/3328","targetHints":{"allow":["GET"]}}],"collection":[{"href":"http:\/\/fundaciolluiscoromina.org\/index.php\/wp-json\/wp\/v2\/posts"}],"about":[{"href":"http:\/\/fundaciolluiscoromina.org\/index.php\/wp-json\/wp\/v2\/types\/post"}],"author":[{"embeddable":true,"href":"http:\/\/fundaciolluiscoromina.org\/index.php\/wp-json\/wp\/v2\/users\/2"}],"replies":[{"embeddable":true,"href":"http:\/\/fundaciolluiscoromina.org\/index.php\/wp-json\/wp\/v2\/comments?post=3328"}],"version-history":[{"count":0,"href":"http:\/\/fundaciolluiscoromina.org\/index.php\/wp-json\/wp\/v2\/posts\/3328\/revisions"}],"wp:attachment":[{"href":"http:\/\/fundaciolluiscoromina.org\/index.php\/wp-json\/wp\/v2\/media?parent=3328"}],"wp:term":[{"taxonomy":"category","embeddable":true,"href":"http:\/\/fundaciolluiscoromina.org\/index.php\/wp-json\/wp\/v2\/categories?post=3328"},{"taxonomy":"post_tag","embeddable":true,"href":"http:\/\/fundaciolluiscoromina.org\/index.php\/wp-json\/wp\/v2\/tags?post=3328"}],"curies":[{"name":"wp","href":"https:\/\/api.w.org\/{rel}","templated":true}]}}