{"id":3346,"date":"2016-10-27T21:12:52","date_gmt":"2016-10-27T19:12:52","guid":{"rendered":"http:\/\/www.fundaciolluiscoromina.org\/?p=3346"},"modified":"2016-10-27T21:12:52","modified_gmt":"2016-10-27T19:12:52","slug":"es-presenta-la-programacio-del-festival-cantut","status":"publish","type":"post","link":"http:\/\/fundaciolluiscoromina.org\/index.php\/2016\/10\/27\/es-presenta-la-programacio-del-festival-cantut\/","title":{"rendered":"Es presenta la programaci\u00f3 del Festival C\u00e0ntut!"},"content":{"rendered":"<p>Alter Sinergies presenta el festival <strong><span class=\"hiddenSpellError\">C\u00e0ntut<\/span>!<\/strong>, que se celebrar\u00e0 del 18 al 20 de novembre, a Cass\u00e0 de la Selva amb concerts al bar, als carrers, a les places, als auditoris i als restaurants, exposicions, xerrades i tallers per a tots els p\u00fablics<br \/>\nLa primera edici\u00f3 del festival comptar\u00e0 amb una vintena de propostes, amb gran part de les activitats \u00faniques o ideades expressament per al festival.<br \/>\nM\u00e9s informaci\u00f3 a <a href=\"http:\/\/www.cantut.cat\/\">www.cantut.cat<\/a><\/p>\n<p><a href=\"http:\/\/www.fundaciolluiscoromina.org\/wp-content\/uploads\/2016\/10\/43e989ad-225c-4c98-b9ff-d1045096301e.jpg\"><img loading=\"lazy\" decoding=\"async\" class=\"alignnone size-full wp-image-3347\" src=\"http:\/\/www.fundaciolluiscoromina.org\/wp-content\/uploads\/2016\/10\/43e989ad-225c-4c98-b9ff-d1045096301e.jpg\" alt=\"43e989ad-225c-4c98-b9ff-d1045096301e\" width=\"600\" height=\"848\" \/><\/a><\/p>\n","protected":false},"excerpt":{"rendered":"<p>Alter Sinergies presenta el festival C\u00e0ntut!, que se celebrar\u00e0 del 18 al 20 de novembre, a Cass\u00e0 de la Selva &#8230;<\/p>\n","protected":false},"author":2,"featured_media":3349,"comment_status":"open","ping_status":"open","sticky":false,"template":"","format":"standard","meta":{"footnotes":""},"categories":[10],"tags":[],"class_list":["post-3346","post","type-post","status-publish","format-standard","has-post-thumbnail","hentry","category-activitats"],"_links":{"self":[{"href":"http:\/\/fundaciolluiscoromina.org\/index.php\/wp-json\/wp\/v2\/posts\/3346","targetHints":{"allow":["GET"]}}],"collection":[{"href":"http:\/\/fundaciolluiscoromina.org\/index.php\/wp-json\/wp\/v2\/posts"}],"about":[{"href":"http:\/\/fundaciolluiscoromina.org\/index.php\/wp-json\/wp\/v2\/types\/post"}],"author":[{"embeddable":true,"href":"http:\/\/fundaciolluiscoromina.org\/index.php\/wp-json\/wp\/v2\/users\/2"}],"replies":[{"embeddable":true,"href":"http:\/\/fundaciolluiscoromina.org\/index.php\/wp-json\/wp\/v2\/comments?post=3346"}],"version-history":[{"count":0,"href":"http:\/\/fundaciolluiscoromina.org\/index.php\/wp-json\/wp\/v2\/posts\/3346\/revisions"}],"wp:attachment":[{"href":"http:\/\/fundaciolluiscoromina.org\/index.php\/wp-json\/wp\/v2\/media?parent=3346"}],"wp:term":[{"taxonomy":"category","embeddable":true,"href":"http:\/\/fundaciolluiscoromina.org\/index.php\/wp-json\/wp\/v2\/categories?post=3346"},{"taxonomy":"post_tag","embeddable":true,"href":"http:\/\/fundaciolluiscoromina.org\/index.php\/wp-json\/wp\/v2\/tags?post=3346"}],"curies":[{"name":"wp","href":"https:\/\/api.w.org\/{rel}","templated":true}]}}