{"id":3375,"date":"2017-02-21T13:04:17","date_gmt":"2017-02-21T12:04:17","guid":{"rendered":"http:\/\/www.fundaciolluiscoromina.org\/?p=3375"},"modified":"2017-02-21T13:04:17","modified_gmt":"2017-02-21T12:04:17","slug":"lespai-eat-art-acull-lexposicio-artistes-outsiders-del-3-de-marc-a-l1-dabril","status":"publish","type":"post","link":"http:\/\/fundaciolluiscoromina.org\/index.php\/2017\/02\/21\/lespai-eat-art-acull-lexposicio-artistes-outsiders-del-3-de-marc-a-l1-dabril\/","title":{"rendered":"L&#8217;Espai Eat Art acull l&#8217;exposici\u00f3 &#8216;Artistes Outsiders&#8217; del 3 de mar\u00e7 al 29 d&#8217;abril"},"content":{"rendered":"<p>El proper divendres 3 de mar\u00e7 a les 20h s&#8217;inaugura l&#8217;exposici\u00f3 <strong>Artistes Outsiders<\/strong> a l&#8217;Espai Eat Art, una mostra que s&#8217;emmarca en el projecte <em>Art Especial<\/em> de la <a href=\"http:\/\/www.fundacioestany.cat\/\">Fundaci\u00f3 Estany<\/a> en col\u00b7laboraci\u00f3 amb la Fundaci\u00f3 Llu\u00eds Coromina. <span style=\"color: #000000;\">L\u2019exposici\u00f3, que compta amb obres d&#8217;escultura i pintura, es podr\u00e0 visitar fins al dissabte 29\u00a0d\u2019abril.<\/span><\/p>\n<p><!--more--><\/p>\n<p>La mostra\u00a0<strong>Artistes Outsiders<\/strong>\u00a0\u00e9s un pas m\u00e9s en el treball per aprofundir en la creativitat i estil propi de cada persona i tamb\u00e9 valorar la seva obra\u00a0per la seva qualitat art\u00edstica i no per la seva condici\u00f3 de persones amb discapacitat.\u00a0De la m\u00e0 de la Hellen Baanders i a trav\u00e9s de diferents t\u00e8cniques, cadascun d\u2019ells ha explorat i ha trobat diferents maneres d\u2019expressar-se i de manifestar el seu talent.<\/p>\n<p>&nbsp;<\/p>\n","protected":false},"excerpt":{"rendered":"<p>El proper divendres 3 de mar\u00e7 a les 20h s&#8217;inaugura l&#8217;exposici\u00f3 Artistes Outsiders a l&#8217;Espai Eat Art, una mostra que &#8230;<\/p>\n","protected":false},"author":2,"featured_media":3376,"comment_status":"open","ping_status":"open","sticky":false,"template":"","format":"standard","meta":{"footnotes":""},"categories":[10,17],"tags":[],"class_list":["post-3375","post","type-post","status-publish","format-standard","has-post-thumbnail","hentry","category-activitats","category-exposicions-espai-eat-art"],"_links":{"self":[{"href":"http:\/\/fundaciolluiscoromina.org\/index.php\/wp-json\/wp\/v2\/posts\/3375","targetHints":{"allow":["GET"]}}],"collection":[{"href":"http:\/\/fundaciolluiscoromina.org\/index.php\/wp-json\/wp\/v2\/posts"}],"about":[{"href":"http:\/\/fundaciolluiscoromina.org\/index.php\/wp-json\/wp\/v2\/types\/post"}],"author":[{"embeddable":true,"href":"http:\/\/fundaciolluiscoromina.org\/index.php\/wp-json\/wp\/v2\/users\/2"}],"replies":[{"embeddable":true,"href":"http:\/\/fundaciolluiscoromina.org\/index.php\/wp-json\/wp\/v2\/comments?post=3375"}],"version-history":[{"count":0,"href":"http:\/\/fundaciolluiscoromina.org\/index.php\/wp-json\/wp\/v2\/posts\/3375\/revisions"}],"wp:attachment":[{"href":"http:\/\/fundaciolluiscoromina.org\/index.php\/wp-json\/wp\/v2\/media?parent=3375"}],"wp:term":[{"taxonomy":"category","embeddable":true,"href":"http:\/\/fundaciolluiscoromina.org\/index.php\/wp-json\/wp\/v2\/categories?post=3375"},{"taxonomy":"post_tag","embeddable":true,"href":"http:\/\/fundaciolluiscoromina.org\/index.php\/wp-json\/wp\/v2\/tags?post=3375"}],"curies":[{"name":"wp","href":"https:\/\/api.w.org\/{rel}","templated":true}]}}