{"id":3385,"date":"2017-03-05T11:00:03","date_gmt":"2017-03-05T10:00:03","guid":{"rendered":"http:\/\/www.fundaciolluiscoromina.org\/?p=3385"},"modified":"2017-03-05T11:00:03","modified_gmt":"2017-03-05T10:00:03","slug":"cirerot-en-concert-a-lespai-eat-art","status":"publish","type":"post","link":"http:\/\/fundaciolluiscoromina.org\/index.php\/2017\/03\/05\/cirerot-en-concert-a-lespai-eat-art\/","title":{"rendered":"Albert Cirera en concert a l&#8217;Espai Eat Art"},"content":{"rendered":"<p>El proper 22 d&#8217;abril a les 20:30h Albert Cirera\u00a0presenta a l&#8217;Espai Eat Art el\u00a0seu projecte a saxo solo Cirerot. Cirera \u00e9s un dels m\u00fasics m\u00e9s reconeguts i vers\u00e0til\u00a0en estils i participa en nombrosos projectes que van del jazz m\u00e9s cl\u00e0ssic al m\u00e9s contemporani i arriscat i, fins i tot, en alguns m\u00e9s propers al pop o la can\u00e7\u00f3 d\u2019autor.\u00a0A\u00a0trav\u00e9s d&#8217;una performance radical, el saxofonista endinsar\u00e0 l\u2019espectador cap a sonoritats agrestes i escarpades, salvatges i colossals.<\/p>\n<p>El preu de l\u2019entrada del concert \u00e9s de\u00a04 \u20ac\u00a0(venda a taquilles una hora abans de l\u2019espectacle).<\/p>\n","protected":false},"excerpt":{"rendered":"<p>El proper 22 d&#8217;abril a les 20:30h Albert Cirera\u00a0presenta a l&#8217;Espai Eat Art el\u00a0seu projecte a saxo solo Cirerot. Cirera &#8230;<\/p>\n","protected":false},"author":2,"featured_media":3387,"comment_status":"open","ping_status":"open","sticky":false,"template":"","format":"standard","meta":{"footnotes":""},"categories":[10],"tags":[],"class_list":["post-3385","post","type-post","status-publish","format-standard","has-post-thumbnail","hentry","category-activitats"],"_links":{"self":[{"href":"http:\/\/fundaciolluiscoromina.org\/index.php\/wp-json\/wp\/v2\/posts\/3385","targetHints":{"allow":["GET"]}}],"collection":[{"href":"http:\/\/fundaciolluiscoromina.org\/index.php\/wp-json\/wp\/v2\/posts"}],"about":[{"href":"http:\/\/fundaciolluiscoromina.org\/index.php\/wp-json\/wp\/v2\/types\/post"}],"author":[{"embeddable":true,"href":"http:\/\/fundaciolluiscoromina.org\/index.php\/wp-json\/wp\/v2\/users\/2"}],"replies":[{"embeddable":true,"href":"http:\/\/fundaciolluiscoromina.org\/index.php\/wp-json\/wp\/v2\/comments?post=3385"}],"version-history":[{"count":0,"href":"http:\/\/fundaciolluiscoromina.org\/index.php\/wp-json\/wp\/v2\/posts\/3385\/revisions"}],"wp:attachment":[{"href":"http:\/\/fundaciolluiscoromina.org\/index.php\/wp-json\/wp\/v2\/media?parent=3385"}],"wp:term":[{"taxonomy":"category","embeddable":true,"href":"http:\/\/fundaciolluiscoromina.org\/index.php\/wp-json\/wp\/v2\/categories?post=3385"},{"taxonomy":"post_tag","embeddable":true,"href":"http:\/\/fundaciolluiscoromina.org\/index.php\/wp-json\/wp\/v2\/tags?post=3385"}],"curies":[{"name":"wp","href":"https:\/\/api.w.org\/{rel}","templated":true}]}}