{"id":3416,"date":"2017-03-27T10:51:57","date_gmt":"2017-03-27T08:51:57","guid":{"rendered":"http:\/\/www.fundaciolluiscoromina.org\/?p=3416"},"modified":"2017-03-27T10:51:57","modified_gmt":"2017-03-27T08:51:57","slug":"cabosanroque-presenta-lactivitat-el-run-run-dels-exploradors","status":"publish","type":"post","link":"http:\/\/fundaciolluiscoromina.org\/index.php\/2017\/03\/27\/cabosanroque-presenta-lactivitat-el-run-run-dels-exploradors\/","title":{"rendered":"Cabosanroque presenta l&#8217;activitat &#8216;El run run dels exploradors&#8217;"},"content":{"rendered":"<p>Fins al 31 de mar\u00e7 m\u00e9s de 300\u00a0infants de diverses escoles de Banyoles participaran en l\u2019activitat <em>El run run dels exploradors<\/em>\u00a0que organitza Cabosonroque al Puntal d\u2019Arts Esc\u00e8niques de la Fundaci\u00f3 Llu\u00eds Coromina. L\u2019activitat forma part de la Guia de Recursos Educatius Municipals,\u00a0un programa transversal de propostes i activitats educatives que gestiona el Servei d\u2019Educaci\u00f3 de l\u2019Ajuntament de Banyoles.<\/p>\n<p>Descobrir i repassar, a partir de jocs sonors, els principals conceptes que han canviat la manera d&#8217;entendre la m\u00fasica durant el segle XX: qu\u00e8 \u00e9s el silenci?, el soroll \u00e9s m\u00fasica?, l&#8217;harmonia, la disson\u00e0ncia, el minimalisme, el ritme, la proto-electr\u00f2nica&#8230; Aquest \u00e9s el principal objectiu d\u2019<em>El run run dels exploradors<\/em>, una proposta de Cabosanroque a partir de jocs amb els instruments, dispositius i m\u00e0quines que els artistes tenen al seu estudi de Banyoles. Les sessions s\u2019estructuren en tres parts de 15 minuts cadascuna, al llarg de les quals es tracten grans temes de les avantguardes musicals del segle XX, a partir de conceptes que ens han llegat John Cage, Lamonte Young o Pierre Henry.<\/p>\n<p>En l&#8217;activitat hi participaran les escoles de Pla de l&#8217;Ametller, Can Puig, La Draga i Camins, amb alumnes d&#8217;educaci\u00f3 infantil i cicle inicial, i tamb\u00e9 el COIET. L\u2019activitat est\u00e0 cofinan\u00e7ada per la Fundaci\u00f3 Llu\u00eds Coromina, el Servei d\u2019Educaci\u00f3 de l\u2019Ajuntament de Banyoles i els alumnes participants.<\/p>\n","protected":false},"excerpt":{"rendered":"<p>Fins al 31 de mar\u00e7 m\u00e9s de 300\u00a0infants de diverses escoles de Banyoles participaran en l\u2019activitat El run run dels &#8230;<\/p>\n","protected":false},"author":2,"featured_media":3413,"comment_status":"open","ping_status":"open","sticky":false,"template":"","format":"standard","meta":{"footnotes":""},"categories":[14,10,11,9],"tags":[],"class_list":["post-3416","post","type-post","status-publish","format-standard","has-post-thumbnail","hentry","category-accions-culturals","category-activitats","category-educacio-2","category-historic"],"_links":{"self":[{"href":"http:\/\/fundaciolluiscoromina.org\/index.php\/wp-json\/wp\/v2\/posts\/3416","targetHints":{"allow":["GET"]}}],"collection":[{"href":"http:\/\/fundaciolluiscoromina.org\/index.php\/wp-json\/wp\/v2\/posts"}],"about":[{"href":"http:\/\/fundaciolluiscoromina.org\/index.php\/wp-json\/wp\/v2\/types\/post"}],"author":[{"embeddable":true,"href":"http:\/\/fundaciolluiscoromina.org\/index.php\/wp-json\/wp\/v2\/users\/2"}],"replies":[{"embeddable":true,"href":"http:\/\/fundaciolluiscoromina.org\/index.php\/wp-json\/wp\/v2\/comments?post=3416"}],"version-history":[{"count":0,"href":"http:\/\/fundaciolluiscoromina.org\/index.php\/wp-json\/wp\/v2\/posts\/3416\/revisions"}],"wp:attachment":[{"href":"http:\/\/fundaciolluiscoromina.org\/index.php\/wp-json\/wp\/v2\/media?parent=3416"}],"wp:term":[{"taxonomy":"category","embeddable":true,"href":"http:\/\/fundaciolluiscoromina.org\/index.php\/wp-json\/wp\/v2\/categories?post=3416"},{"taxonomy":"post_tag","embeddable":true,"href":"http:\/\/fundaciolluiscoromina.org\/index.php\/wp-json\/wp\/v2\/tags?post=3416"}],"curies":[{"name":"wp","href":"https:\/\/api.w.org\/{rel}","templated":true}]}}