{"id":3459,"date":"2017-05-02T09:00:24","date_gmt":"2017-05-02T07:00:24","guid":{"rendered":"http:\/\/www.fundaciolluiscoromina.org\/?p=3459"},"modified":"2017-05-02T09:00:24","modified_gmt":"2017-05-02T07:00:24","slug":"lespai-eat-art-acull-lexposicio-de-bonsais-en-el-marc-de-la-40a-exposicio-de-flors","status":"publish","type":"post","link":"http:\/\/fundaciolluiscoromina.org\/index.php\/2017\/05\/02\/lespai-eat-art-acull-lexposicio-de-bonsais-en-el-marc-de-la-40a-exposicio-de-flors\/","title":{"rendered":"L&#8217;Espai Eat Art acull l&#8217;Exposici\u00f3 de Bonsais, en el marc de la 40a Exposici\u00f3 de Flors de Banyoles"},"content":{"rendered":"<p>El proper divendres 19 de maig a les 19 h s&#8217;inaugurar\u00e0 l\u2019Exposici\u00f3 de Bonsais del Grup de Bonsai del Centre Excursionista de Banyoles. La mostra compta amb la participaci\u00f3 d\u2019arbres seleccionats que aporten tant els cultivadors locals com d\u2019altres comarques. Enguany, el monogr\u00e0fic anir\u00e0 a c\u00e0rrec de l\u2019artista de Matar\u00f3 Antonio Ponce, acreditat i premiat en diversos pa\u00efsos europeus. <\/p>\n","protected":false},"excerpt":{"rendered":"<p>El proper divendres 19 de maig a les 19 h s&#8217;inaugurar\u00e0 l\u2019Exposici\u00f3 de Bonsais del Grup de Bonsai del Centre &#8230;<\/p>\n","protected":false},"author":2,"featured_media":3453,"comment_status":"open","ping_status":"open","sticky":false,"template":"","format":"standard","meta":{"footnotes":""},"categories":[17],"tags":[],"class_list":["post-3459","post","type-post","status-publish","format-standard","has-post-thumbnail","hentry","category-exposicions-espai-eat-art"],"_links":{"self":[{"href":"http:\/\/fundaciolluiscoromina.org\/index.php\/wp-json\/wp\/v2\/posts\/3459","targetHints":{"allow":["GET"]}}],"collection":[{"href":"http:\/\/fundaciolluiscoromina.org\/index.php\/wp-json\/wp\/v2\/posts"}],"about":[{"href":"http:\/\/fundaciolluiscoromina.org\/index.php\/wp-json\/wp\/v2\/types\/post"}],"author":[{"embeddable":true,"href":"http:\/\/fundaciolluiscoromina.org\/index.php\/wp-json\/wp\/v2\/users\/2"}],"replies":[{"embeddable":true,"href":"http:\/\/fundaciolluiscoromina.org\/index.php\/wp-json\/wp\/v2\/comments?post=3459"}],"version-history":[{"count":0,"href":"http:\/\/fundaciolluiscoromina.org\/index.php\/wp-json\/wp\/v2\/posts\/3459\/revisions"}],"wp:attachment":[{"href":"http:\/\/fundaciolluiscoromina.org\/index.php\/wp-json\/wp\/v2\/media?parent=3459"}],"wp:term":[{"taxonomy":"category","embeddable":true,"href":"http:\/\/fundaciolluiscoromina.org\/index.php\/wp-json\/wp\/v2\/categories?post=3459"},{"taxonomy":"post_tag","embeddable":true,"href":"http:\/\/fundaciolluiscoromina.org\/index.php\/wp-json\/wp\/v2\/tags?post=3459"}],"curies":[{"name":"wp","href":"https:\/\/api.w.org\/{rel}","templated":true}]}}