{"id":3463,"date":"2017-05-10T09:00:00","date_gmt":"2017-05-10T07:00:00","guid":{"rendered":"http:\/\/www.fundaciolluiscoromina.org\/?p=3463"},"modified":"2017-05-10T09:00:00","modified_gmt":"2017-05-10T07:00:00","slug":"ericsonnastesjoberre-en-concert-a-lespai-eat-art","status":"publish","type":"post","link":"http:\/\/fundaciolluiscoromina.org\/index.php\/2017\/05\/10\/ericsonnastesjoberre-en-concert-a-lespai-eat-art\/","title":{"rendered":"Ericson\/N\u00e4stesj\u00f6\/Berre, en concert a l&#8217;Espai Eat Art"},"content":{"rendered":"<p>El proper divendres 26 de maig a les 20:30 h, l&#8217;Espai Eat Art acollir\u00e0 el concert d&#8217;Ericson\/N\u00e4stesj\u00f6\/Berre, en el marc del FEM Jazz!. Amb quatre gires internacionals en els \u00faltims dos anys, el trio ha comen\u00e7at a atreure l&#8217;atenci\u00f3 arreu d\u2019Escandin\u00e0via i Europa. A partir dels seus instruments, per\u00f2 tamb\u00e9 a partir d\u2019objectes i t\u00e8cniques esteses, el grup explora diferents aspectes de la improvisaci\u00f3 lliure. El resultat \u00e9s un paisatge sonor que va des de les textures tonals a les sonoritats m\u00e9s avantguardistes sense deixar mai de banda la tradici\u00f3 jazz\u00edstica.<\/p>\n","protected":false},"excerpt":{"rendered":"<p>El proper divendres 26 de maig a les 20:30 h, l&#8217;Espai Eat Art acollir\u00e0 el concert d&#8217;Ericson\/N\u00e4stesj\u00f6\/Berre, en el marc &#8230;<\/p>\n","protected":false},"author":2,"featured_media":3455,"comment_status":"open","ping_status":"open","sticky":false,"template":"","format":"standard","meta":{"footnotes":""},"categories":[10],"tags":[],"class_list":["post-3463","post","type-post","status-publish","format-standard","has-post-thumbnail","hentry","category-activitats"],"_links":{"self":[{"href":"http:\/\/fundaciolluiscoromina.org\/index.php\/wp-json\/wp\/v2\/posts\/3463","targetHints":{"allow":["GET"]}}],"collection":[{"href":"http:\/\/fundaciolluiscoromina.org\/index.php\/wp-json\/wp\/v2\/posts"}],"about":[{"href":"http:\/\/fundaciolluiscoromina.org\/index.php\/wp-json\/wp\/v2\/types\/post"}],"author":[{"embeddable":true,"href":"http:\/\/fundaciolluiscoromina.org\/index.php\/wp-json\/wp\/v2\/users\/2"}],"replies":[{"embeddable":true,"href":"http:\/\/fundaciolluiscoromina.org\/index.php\/wp-json\/wp\/v2\/comments?post=3463"}],"version-history":[{"count":0,"href":"http:\/\/fundaciolluiscoromina.org\/index.php\/wp-json\/wp\/v2\/posts\/3463\/revisions"}],"wp:attachment":[{"href":"http:\/\/fundaciolluiscoromina.org\/index.php\/wp-json\/wp\/v2\/media?parent=3463"}],"wp:term":[{"taxonomy":"category","embeddable":true,"href":"http:\/\/fundaciolluiscoromina.org\/index.php\/wp-json\/wp\/v2\/categories?post=3463"},{"taxonomy":"post_tag","embeddable":true,"href":"http:\/\/fundaciolluiscoromina.org\/index.php\/wp-json\/wp\/v2\/tags?post=3463"}],"curies":[{"name":"wp","href":"https:\/\/api.w.org\/{rel}","templated":true}]}}