{"id":3466,"date":"2017-05-01T09:01:57","date_gmt":"2017-05-01T07:01:57","guid":{"rendered":"http:\/\/www.fundaciolluiscoromina.org\/?p=3466"},"modified":"2017-05-01T09:01:57","modified_gmt":"2017-05-01T07:01:57","slug":"lespai-eat-art-acull-lexposicio-silentium-danna-bahi-i-xavier-de-palau","status":"publish","type":"post","link":"http:\/\/fundaciolluiscoromina.org\/index.php\/2017\/05\/01\/lespai-eat-art-acull-lexposicio-silentium-danna-bahi-i-xavier-de-palau\/","title":{"rendered":"L&#8217;Espai Eat Art acull l&#8217;exposici\u00f3 &#8216;Silentium&#8217; d&#8217;Anna Bah\u00ed i Xavier de Palau"},"content":{"rendered":"<p>El pr\u00f2xim 5 de maig a les 19 h s&#8217;inaugurar\u00e0 l&#8217;exposici\u00f3 <em>Silentium<\/em>, d&#8217;Anna Bah\u00ed i Xavier de Palau. Un muntatge de fotografia i m\u00fasica inspirat en les parets de l&#8217;Hospital de Santa Maria della Scala de Siena (It\u00e0lia) i presentat en format llibre d&#8217;edici\u00f3 limitada dissenyat per Xavier Alamany. <em>Silentium<\/em> parla del silenci intern a partir de la figura d&#8217;un noi adolescent. El silenci intern d&#8217;un individu en una etapa de la seva exist\u00e8ncia on la part intel\u00b7lectual comen\u00e7a a posicionar-se capdavantera mentre deixa de banda aquella part m\u00e9s m\u00e0gica i somiadora de la infantesa. Despr\u00e9s de presentar-se el passat mes de febrer a l&#8217;Istituto Italiano di Cultura de Barcelona i a l&#8217;Auditori del Palau Solterra de la Fundaci\u00f3 Vila Casas de Torroella de Montgr\u00ed, la mostra arriba a Banyoles abans de viatjar a terres italianes, al complex muse\u00efstic de l&#8217;Ospedale di Santa Maria della Scala de Siena. L&#8217;exposici\u00f3 es podr\u00e0 veure a l&#8217;Espai Eat Art fins al 13 de maig.<\/p>\n","protected":false},"excerpt":{"rendered":"<p>El pr\u00f2xim 5 de maig a les 19 h s&#8217;inaugurar\u00e0 l&#8217;exposici\u00f3 Silentium, d&#8217;Anna Bah\u00ed i Xavier de Palau. Un muntatge &#8230;<\/p>\n","protected":false},"author":2,"featured_media":3458,"comment_status":"open","ping_status":"open","sticky":false,"template":"","format":"standard","meta":{"footnotes":""},"categories":[17],"tags":[],"class_list":["post-3466","post","type-post","status-publish","format-standard","has-post-thumbnail","hentry","category-exposicions-espai-eat-art"],"_links":{"self":[{"href":"http:\/\/fundaciolluiscoromina.org\/index.php\/wp-json\/wp\/v2\/posts\/3466","targetHints":{"allow":["GET"]}}],"collection":[{"href":"http:\/\/fundaciolluiscoromina.org\/index.php\/wp-json\/wp\/v2\/posts"}],"about":[{"href":"http:\/\/fundaciolluiscoromina.org\/index.php\/wp-json\/wp\/v2\/types\/post"}],"author":[{"embeddable":true,"href":"http:\/\/fundaciolluiscoromina.org\/index.php\/wp-json\/wp\/v2\/users\/2"}],"replies":[{"embeddable":true,"href":"http:\/\/fundaciolluiscoromina.org\/index.php\/wp-json\/wp\/v2\/comments?post=3466"}],"version-history":[{"count":0,"href":"http:\/\/fundaciolluiscoromina.org\/index.php\/wp-json\/wp\/v2\/posts\/3466\/revisions"}],"wp:attachment":[{"href":"http:\/\/fundaciolluiscoromina.org\/index.php\/wp-json\/wp\/v2\/media?parent=3466"}],"wp:term":[{"taxonomy":"category","embeddable":true,"href":"http:\/\/fundaciolluiscoromina.org\/index.php\/wp-json\/wp\/v2\/categories?post=3466"},{"taxonomy":"post_tag","embeddable":true,"href":"http:\/\/fundaciolluiscoromina.org\/index.php\/wp-json\/wp\/v2\/tags?post=3466"}],"curies":[{"name":"wp","href":"https:\/\/api.w.org\/{rel}","templated":true}]}}