{"id":3495,"date":"2017-05-31T12:58:49","date_gmt":"2017-05-31T10:58:49","guid":{"rendered":"http:\/\/www.fundaciolluiscoromina.org\/?p=3495"},"modified":"2017-05-31T12:58:49","modified_gmt":"2017-05-31T10:58:49","slug":"del-16-de-juny-al-2-de-juliol-ursonate-karaoke-de-cabosanroque-a-lespai-eat-art-en-el-marc-del-festival-aphonica","status":"publish","type":"post","link":"http:\/\/fundaciolluiscoromina.org\/index.php\/2017\/05\/31\/del-16-de-juny-al-2-de-juliol-ursonate-karaoke-de-cabosanroque-a-lespai-eat-art-en-el-marc-del-festival-aphonica\/","title":{"rendered":"Del 16 de juny al 2 de juliol, Ursonate Karaoke de cabosanroque a l&#8217;Espai Eat Art en el marc del Festival (a)ph\u00f2nica"},"content":{"rendered":"<p>Del divendres 16 de juny al diumenge 2 de juliol, l&#8217;Espai Eat Art acollir\u00e0 la instal\u00b7laci\u00f3 art\u00edstica <em>Ursonate<\/em> <em>Karaoke<\/em> de cabosanroque, en el marc del Festival de la Veu de Banyoles, (a)ph\u00f2nica. Es tracta d&#8217;una interpretaci\u00f3 sonora i lum\u00ednica de l\u2019enregistrament original del 1932 de la poesia fon\u00e8tica en forma de sonata de Kurt Schwitters Ursonate. A partir de la lit\u00fargia formal del karaoke, cabosanroque us convida a reinterpretar l\u2019obra!<\/p>\n<p>La inauguraci\u00f3 tindr\u00e0 lloc el divendres 16 de juny a les 20 h.<\/p>\n<section id=\"showtime-main-description\"><\/section>\n","protected":false},"excerpt":{"rendered":"<p>Del divendres 16 de juny al diumenge 2 de juliol, l&#8217;Espai Eat Art acollir\u00e0 la instal\u00b7laci\u00f3 art\u00edstica Ursonate Karaoke de &#8230;<\/p>\n","protected":false},"author":2,"featured_media":3494,"comment_status":"open","ping_status":"open","sticky":false,"template":"","format":"standard","meta":{"footnotes":""},"categories":[10,17],"tags":[],"class_list":["post-3495","post","type-post","status-publish","format-standard","has-post-thumbnail","hentry","category-activitats","category-exposicions-espai-eat-art"],"_links":{"self":[{"href":"http:\/\/fundaciolluiscoromina.org\/index.php\/wp-json\/wp\/v2\/posts\/3495","targetHints":{"allow":["GET"]}}],"collection":[{"href":"http:\/\/fundaciolluiscoromina.org\/index.php\/wp-json\/wp\/v2\/posts"}],"about":[{"href":"http:\/\/fundaciolluiscoromina.org\/index.php\/wp-json\/wp\/v2\/types\/post"}],"author":[{"embeddable":true,"href":"http:\/\/fundaciolluiscoromina.org\/index.php\/wp-json\/wp\/v2\/users\/2"}],"replies":[{"embeddable":true,"href":"http:\/\/fundaciolluiscoromina.org\/index.php\/wp-json\/wp\/v2\/comments?post=3495"}],"version-history":[{"count":0,"href":"http:\/\/fundaciolluiscoromina.org\/index.php\/wp-json\/wp\/v2\/posts\/3495\/revisions"}],"wp:attachment":[{"href":"http:\/\/fundaciolluiscoromina.org\/index.php\/wp-json\/wp\/v2\/media?parent=3495"}],"wp:term":[{"taxonomy":"category","embeddable":true,"href":"http:\/\/fundaciolluiscoromina.org\/index.php\/wp-json\/wp\/v2\/categories?post=3495"},{"taxonomy":"post_tag","embeddable":true,"href":"http:\/\/fundaciolluiscoromina.org\/index.php\/wp-json\/wp\/v2\/tags?post=3495"}],"curies":[{"name":"wp","href":"https:\/\/api.w.org\/{rel}","templated":true}]}}