{"id":3504,"date":"2017-06-29T12:19:10","date_gmt":"2017-06-29T10:19:10","guid":{"rendered":"http:\/\/www.fundaciolluiscoromina.org\/?p=3504"},"modified":"2017-06-29T12:19:10","modified_gmt":"2017-06-29T10:19:10","slug":"lespai-eat-art-acull-diverses-activitats-durant-laphonica","status":"publish","type":"post","link":"http:\/\/fundaciolluiscoromina.org\/index.php\/2017\/06\/29\/lespai-eat-art-acull-diverses-activitats-durant-laphonica\/","title":{"rendered":"L&#8217;Espai Eat Art acull diverses activitats durant l'(a)ph\u00f2nica"},"content":{"rendered":"<p>A partir d&#8217;aquest divendres 30 de juny i fins al diumenge 2 de juliol t\u00e9 lloc l'(a)ph\u00f2nica, Festival de la Veu de Banyoles. A l&#8217;Espai Eat Art, a m\u00e9s de poder visitar la instal\u00b7laci\u00f3 art\u00edstica <em>Ursonate Karaoke<\/em> de CaboSanRoque, es podran veure els concerts de Jaume Arnella &amp; Ferran Mart\u00ednez (dissabte 1 de juliol a les 12 h) i d&#8217;Steve Smyth (diumenge 2 de juliol a les 21 h), i tamb\u00e9 s&#8217;hi dur\u00e0 a terme la presentaci\u00f3 del llibre de Roger Mas <em>El dolor de la bellesa<\/em>, amb la participaci\u00f3 del mateix autor (diumenge 2 de juliol a les 13 h).<\/p>\n","protected":false},"excerpt":{"rendered":"<p>A partir d&#8217;aquest divendres 30 de juny i fins al diumenge 2 de juliol t\u00e9 lloc l'(a)ph\u00f2nica, Festival de la &#8230;<\/p>\n","protected":false},"author":2,"featured_media":3506,"comment_status":"open","ping_status":"open","sticky":false,"template":"","format":"standard","meta":{"footnotes":""},"categories":[10,17],"tags":[],"class_list":["post-3504","post","type-post","status-publish","format-standard","has-post-thumbnail","hentry","category-activitats","category-exposicions-espai-eat-art"],"_links":{"self":[{"href":"http:\/\/fundaciolluiscoromina.org\/index.php\/wp-json\/wp\/v2\/posts\/3504","targetHints":{"allow":["GET"]}}],"collection":[{"href":"http:\/\/fundaciolluiscoromina.org\/index.php\/wp-json\/wp\/v2\/posts"}],"about":[{"href":"http:\/\/fundaciolluiscoromina.org\/index.php\/wp-json\/wp\/v2\/types\/post"}],"author":[{"embeddable":true,"href":"http:\/\/fundaciolluiscoromina.org\/index.php\/wp-json\/wp\/v2\/users\/2"}],"replies":[{"embeddable":true,"href":"http:\/\/fundaciolluiscoromina.org\/index.php\/wp-json\/wp\/v2\/comments?post=3504"}],"version-history":[{"count":0,"href":"http:\/\/fundaciolluiscoromina.org\/index.php\/wp-json\/wp\/v2\/posts\/3504\/revisions"}],"wp:attachment":[{"href":"http:\/\/fundaciolluiscoromina.org\/index.php\/wp-json\/wp\/v2\/media?parent=3504"}],"wp:term":[{"taxonomy":"category","embeddable":true,"href":"http:\/\/fundaciolluiscoromina.org\/index.php\/wp-json\/wp\/v2\/categories?post=3504"},{"taxonomy":"post_tag","embeddable":true,"href":"http:\/\/fundaciolluiscoromina.org\/index.php\/wp-json\/wp\/v2\/tags?post=3504"}],"curies":[{"name":"wp","href":"https:\/\/api.w.org\/{rel}","templated":true}]}}