{"id":3514,"date":"2017-07-20T13:55:31","date_gmt":"2017-07-20T11:55:31","guid":{"rendered":"http:\/\/www.fundaciolluiscoromina.org\/?p=3514"},"modified":"2017-07-20T13:55:31","modified_gmt":"2017-07-20T11:55:31","slug":"lespai-eat-art-acull-lexposicio-banyoles-a-la-llum-dels-jjoo92","status":"publish","type":"post","link":"http:\/\/fundaciolluiscoromina.org\/index.php\/2017\/07\/20\/lespai-eat-art-acull-lexposicio-banyoles-a-la-llum-dels-jjoo92\/","title":{"rendered":"&#8216;Banyoles a la llum dels JJOO\u201992&#8217;, l&#8217;exposici\u00f3 que recull una etapa crucial de la ciutat i la comarca, a l&#8217;Espai Eat Art a partir del 26 de juliol a les 19h."},"content":{"rendered":"<p>Amb motiu dels 25 anys de la celebraci\u00f3 dels Jocs Ol\u00edmpics de Barcelona, i de ser designada Banyoles subseu ol\u00edmpica \u2013una etapa no absenta de complexitat social\u2013, la ciutat i la comarca van viure una transformaci\u00f3 cabdal i que avui encara serveix per posicionar el territori. L\u2019autovia que connecta Girona i Banyoles i alhora s&#8217;interconnecta amb l&#8217;autopista de Barcelona, aix\u00ed com tot el nou concepte de ciutat que en va emergir, es posen de manifest en aquesta exposici\u00f3 titulada <em>\u201cBanyoles, a la llum dels JJOO\u201992\u201d, a l\u2019al\u00e7ada de l\u2019esdeveniment esportiu, a l\u2019al\u00e7ada de les necessitats de la Ciutat. C<\/em>oorganitzada entre la Fundaci\u00f3 Llu\u00eds Coromina i l\u2019Ajuntament de Banyoles t\u00e9 el suport de la Diputaci\u00f3 de Girona, la Generalitat de Catalunya i el grup AE (agrienergia). El gui\u00f3-curadoria ha anat a c\u00e0rrec de Joan Solana, el disseny del muntatge de Llu\u00eds Pau, la coordinaci\u00f3 d&#8217;Eva Collell, la direcci\u00f3 fotogr\u00e0fica de Pere Duran i l&#8217;audiovisual de Xavier P\u00e9rez, el disseny de Pere \u00c1lvaro i la coordinaci\u00f3 general de Ricard Planas.<br \/>\nLa mostra s&#8217;inaugurar\u00e0 el proper dimecres 26 de juliol a les 19 h i es podr\u00e0 veure fins al 30 de setembre a l&#8217;Espai Eat Art -pla\u00e7a major, 33 de Banyoles- (gratu\u00eft). A l\u2019acte de presentaci\u00f3 hi intervindr\u00e0 Pere Mir\u00f3, director general adjunt del COI (Comit\u00e8 Ol\u00edmpic Internacional); Gerard Figueras, Secretari General de l\u2019Esport de la Generalitat; Joan Solana, curador de l\u2019exposici\u00f3 i alcalde de Banyoles a l\u2019\u00e8poca dels Jocs; Miquel Noguer, alcalde de Banyoles i vicepresident de la Diputaci\u00f3 de Girona i Llu\u00eds Coromina, president de la Fundaci\u00f3.<\/p>\n<p><a href=\"http:\/\/www.fundaciolluiscoromina.org\/wp-content\/uploads\/2017\/07\/Pre-JJOO-92-\u00a9Pere-Duran-008.jpg\"><img loading=\"lazy\" decoding=\"async\" class=\"size-large wp-image-3519\" src=\"http:\/\/www.fundaciolluiscoromina.org\/wp-content\/uploads\/2017\/07\/Pre-JJOO-92-\u00a9Pere-Duran-008-1024x683.jpg\" alt=\"\" width=\"1024\" height=\"683\" \/><\/a><\/p>\n<p>Jocs Ol\u00edmpics de Banyoles 1992. Pere Duran \/ Nord Media<\/p>\n<p><a href=\"http:\/\/www.fundaciolluiscoromina.org\/wp-content\/uploads\/2017\/07\/JJOO-1992-\u00a9Pere-Duran-022.jpg\"><img loading=\"lazy\" decoding=\"async\" class=\"size-large wp-image-3517\" src=\"http:\/\/www.fundaciolluiscoromina.org\/wp-content\/uploads\/2017\/07\/JJOO-1992-\u00a9Pere-Duran-022-1024x683.jpg\" alt=\"\" width=\"1024\" height=\"683\" \/><\/a><\/p>\n<p>Jocs Ol\u00edmpics de Banyoles 1992. Pere Duran \/ Nord Media<\/p>\n<p>&nbsp;<\/p>\n<div id=\"attachment_3520\" style=\"width: 1034px\" class=\"wp-caption alignnone\"><a href=\"http:\/\/www.fundaciolluiscoromina.org\/wp-content\/uploads\/2017\/07\/Torxa-JJOO-92-\u00a9Pere-Duran-009.jpg\"><img loading=\"lazy\" decoding=\"async\" aria-describedby=\"caption-attachment-3520\" class=\"size-large wp-image-3520\" src=\"http:\/\/www.fundaciolluiscoromina.org\/wp-content\/uploads\/2017\/07\/Torxa-JJOO-92-\u00a9Pere-Duran-009-1024x664.jpg\" alt=\"\" width=\"1024\" height=\"664\" \/><\/a><p id=\"caption-attachment-3520\" class=\"wp-caption-text\">Arribada de la torxa dels Jocs Olimpics a Banyoles 1992. Pere Duran \/ Nord Media<\/p><\/div>\n<div id=\"attachment_3521\" style=\"width: 1034px\" class=\"wp-caption alignnone\"><a href=\"http:\/\/www.fundaciolluiscoromina.org\/wp-content\/uploads\/2017\/07\/JJOO-1992-\u00a9Pere-Duran-024.jpg\"><img loading=\"lazy\" decoding=\"async\" aria-describedby=\"caption-attachment-3521\" class=\"size-large wp-image-3521\" src=\"http:\/\/www.fundaciolluiscoromina.org\/wp-content\/uploads\/2017\/07\/JJOO-1992-\u00a9Pere-Duran-024-1024x687.jpg\" alt=\"\" width=\"1024\" height=\"687\" \/><\/a><p id=\"caption-attachment-3521\" class=\"wp-caption-text\">Jocs Olimpics de Banyoles 1992. Pere Duran \/ Nord Media<\/p><\/div>\n","protected":false},"excerpt":{"rendered":"<p>Amb motiu dels 25 anys de la celebraci\u00f3 dels Jocs Ol\u00edmpics de Barcelona, i de ser designada Banyoles subseu ol\u00edmpica &#8230;<\/p>\n","protected":false},"author":2,"featured_media":3523,"comment_status":"open","ping_status":"open","sticky":false,"template":"","format":"standard","meta":{"footnotes":""},"categories":[17],"tags":[],"class_list":["post-3514","post","type-post","status-publish","format-standard","has-post-thumbnail","hentry","category-exposicions-espai-eat-art"],"_links":{"self":[{"href":"http:\/\/fundaciolluiscoromina.org\/index.php\/wp-json\/wp\/v2\/posts\/3514","targetHints":{"allow":["GET"]}}],"collection":[{"href":"http:\/\/fundaciolluiscoromina.org\/index.php\/wp-json\/wp\/v2\/posts"}],"about":[{"href":"http:\/\/fundaciolluiscoromina.org\/index.php\/wp-json\/wp\/v2\/types\/post"}],"author":[{"embeddable":true,"href":"http:\/\/fundaciolluiscoromina.org\/index.php\/wp-json\/wp\/v2\/users\/2"}],"replies":[{"embeddable":true,"href":"http:\/\/fundaciolluiscoromina.org\/index.php\/wp-json\/wp\/v2\/comments?post=3514"}],"version-history":[{"count":0,"href":"http:\/\/fundaciolluiscoromina.org\/index.php\/wp-json\/wp\/v2\/posts\/3514\/revisions"}],"wp:attachment":[{"href":"http:\/\/fundaciolluiscoromina.org\/index.php\/wp-json\/wp\/v2\/media?parent=3514"}],"wp:term":[{"taxonomy":"category","embeddable":true,"href":"http:\/\/fundaciolluiscoromina.org\/index.php\/wp-json\/wp\/v2\/categories?post=3514"},{"taxonomy":"post_tag","embeddable":true,"href":"http:\/\/fundaciolluiscoromina.org\/index.php\/wp-json\/wp\/v2\/tags?post=3514"}],"curies":[{"name":"wp","href":"https:\/\/api.w.org\/{rel}","templated":true}]}}