{"id":3542,"date":"2017-07-27T12:25:43","date_gmt":"2017-07-27T10:25:43","guid":{"rendered":"http:\/\/www.fundaciolluiscoromina.org\/?p=3542"},"modified":"2017-07-27T12:25:43","modified_gmt":"2017-07-27T10:25:43","slug":"inaugurada-lexposicio-banyoles-a-la-llum-dels-jjoo92-a-lespai-eat-art","status":"publish","type":"post","link":"http:\/\/fundaciolluiscoromina.org\/index.php\/2017\/07\/27\/inaugurada-lexposicio-banyoles-a-la-llum-dels-jjoo92-a-lespai-eat-art\/","title":{"rendered":"Inaugurada l&#8217;exposici\u00f3 &#8216;Banyoles a la llum dels JJOO&#8217;92&#8217; a l&#8217;Espai Eat Art"},"content":{"rendered":"<p>L&#8217;exposici\u00f3 <em>Banyoles a la llum dels JJOO&#8217;92<\/em> s&#8217;ha inaugurat aquest dimecres 26 de juliol a l&#8217;Espai Eat Art, amb motiu dels 25 anys de la celebracio\u0301 dels Jocs Oli\u0301mpics de Barcelona i de ser designada Banyoles subseu oli\u0301mpica. La Fundaci\u00f3 Llu\u00eds Coromina i l&#8217;Ajuntament de Banyoles han coprodu\u00eft aquesta exposci\u00f3 per donar a con\u00e8ixer un per\u00edode clau en la hist\u00f2ria de Banyoles, de la comarca, de Barcelona i de Catalunya. La mostra compta amb la curadoria i gui\u00f3 de Joan Solana, disseny de Llu\u00eds Vila, coordinaci\u00f3 d&#8217;Eva Collell, direcci\u00f3 fotogr\u00e0fica de Pere Duran, direcci\u00f3 videogr\u00e0fica de Xavier P\u00e9rez, disseny gr\u00e0fic de Pere \u00c1lvaro i direcci\u00f3 general de Ricard Planas, i es podr\u00e0 veure fins al 30 de setembre.<\/p>\n<p>Durant l&#8217;acte, en qu\u00e8 hi van assistir nombroses personalitats, l&#8217;exalcalde de Banyoles i curador de la mostra Joan Solana va afirmar que el gran benefici va ser la inversi\u00f3 que va permetre fer obres \u00ababsolutament imprescindibles\u00bb.<\/p>\n<div class=\"page\" title=\"Page 1\">\n<div class=\"layoutArea\">\n<div class=\"column\">\n<p>I e\u0301s que, el que posa de manifest aquesta exposicio\u0301 so\u0301n les intervencions ecolo\u0300giques, paisatgi\u0301stiques, urbanes i socials que va patir Banyoles i comarca durant la preparacio\u0301 per acollir les proves oli\u0301mpiques, a partir del 1989. En total, catorze intervencions, la me\u0301s important, l\u2019autovia i la variant, que van ser factors de desenvolupament econo\u0300mic i d\u2019obertura cultural; un benefici me\u0301s enlla\u0300 de l\u2019esport i de les instal\u00b7lacions esportives. Tambe\u0301 va ser clau el canvi de la fac\u0327ana nord de la ciutat, o la creacio\u0301 de la Vila Oli\u0301mpica, que suposava un nou model d\u2019edificacio\u0301 per a la ciutat. Aixi\u0301 mateix, la creacio\u0301 del pavello\u0301 poliesportiu, un equipament que s\u2019esperava des de feia molts anys, ubicat al costat de l\u2019estany. Tambe\u0301 es va dur a terme un nou Club Natacio\u0301 Banyoles, que va passar de ser un edifici amb aluminosi a un complex poliesportiu que ha esdevingut un referent internacional, i es va crear el Teatre Municipal, una reivindicacio\u0301 de feia temps. Carrers, places i altres indrets tambe\u0301 van patir diverses transformacions, convertint Banyoles en una ciutat amb un nou concepte, molt me\u0301s modern. Una transformacio\u0301 cabdal i que avui encara serveix per posicionar el territori.<\/p>\n<p>&nbsp;<\/p>\n<\/div>\n<\/div>\n<\/div>\n<div id=\"attachment_3545\" style=\"width: 1034px\" class=\"wp-caption alignnone\"><a href=\"http:\/\/www.fundaciolluiscoromina.org\/wp-content\/uploads\/2017\/07\/In-Expo-JJOO-BNY-P9.jpg\"><img loading=\"lazy\" decoding=\"async\" aria-describedby=\"caption-attachment-3545\" class=\"size-large wp-image-3545\" src=\"http:\/\/www.fundaciolluiscoromina.org\/wp-content\/uploads\/2017\/07\/In-Expo-JJOO-BNY-P9-1024x683.jpg\" alt=\"\" width=\"1024\" height=\"683\" \/><\/a><p id=\"caption-attachment-3545\" class=\"wp-caption-text\">Inauguraci\u00f3 de l&#8217;exposici\u00f3 a l&#8217;Espai Eat Art de la Fundacio Llu\u00eds Coromina. Pere Duran \/ Nord Media<\/p><\/div>\n<p>&nbsp;<\/p>\n<div id=\"attachment_3547\" style=\"width: 1034px\" class=\"wp-caption alignnone\"><a href=\"http:\/\/www.fundaciolluiscoromina.org\/wp-content\/uploads\/2017\/07\/In-Expo-JJOO-BNY-P23.jpg\"><img loading=\"lazy\" decoding=\"async\" aria-describedby=\"caption-attachment-3547\" class=\"size-large wp-image-3547\" src=\"http:\/\/www.fundaciolluiscoromina.org\/wp-content\/uploads\/2017\/07\/In-Expo-JJOO-BNY-P23-1024x683.jpg\" alt=\"\" width=\"1024\" height=\"683\" \/><\/a><p id=\"caption-attachment-3547\" class=\"wp-caption-text\">Parlaments durant la inauguraci\u00f3 de l&#8217;exposici\u00f3 a l&#8217;Espai Eat Art de la Fundacio Llu\u00eds Coromina. Pere Duran \/ Nord Media<\/p><\/div>\n<p>&nbsp;<\/p>\n<div id=\"attachment_3549\" style=\"width: 1034px\" class=\"wp-caption alignnone\"><a href=\"http:\/\/www.fundaciolluiscoromina.org\/wp-content\/uploads\/2017\/07\/In-Expo-JJOO-BNY-P18.jpg\"><img loading=\"lazy\" decoding=\"async\" aria-describedby=\"caption-attachment-3549\" class=\"size-large wp-image-3549\" src=\"http:\/\/www.fundaciolluiscoromina.org\/wp-content\/uploads\/2017\/07\/In-Expo-JJOO-BNY-P18-1024x683.jpg\" alt=\"\" width=\"1024\" height=\"683\" \/><\/a><p id=\"caption-attachment-3549\" class=\"wp-caption-text\">Visita a l&#8217;espai expositiu durant la inauguraci\u00f3. Pere Duran \/ Nord Media<\/p><\/div>\n","protected":false},"excerpt":{"rendered":"<p>L&#8217;exposici\u00f3 Banyoles a la llum dels JJOO&#8217;92 s&#8217;ha inaugurat aquest dimecres 26 de juliol a l&#8217;Espai Eat Art, amb motiu &#8230;<\/p>\n","protected":false},"author":2,"featured_media":3543,"comment_status":"open","ping_status":"open","sticky":false,"template":"","format":"standard","meta":{"footnotes":""},"categories":[17],"tags":[],"class_list":["post-3542","post","type-post","status-publish","format-standard","has-post-thumbnail","hentry","category-exposicions-espai-eat-art"],"_links":{"self":[{"href":"http:\/\/fundaciolluiscoromina.org\/index.php\/wp-json\/wp\/v2\/posts\/3542","targetHints":{"allow":["GET"]}}],"collection":[{"href":"http:\/\/fundaciolluiscoromina.org\/index.php\/wp-json\/wp\/v2\/posts"}],"about":[{"href":"http:\/\/fundaciolluiscoromina.org\/index.php\/wp-json\/wp\/v2\/types\/post"}],"author":[{"embeddable":true,"href":"http:\/\/fundaciolluiscoromina.org\/index.php\/wp-json\/wp\/v2\/users\/2"}],"replies":[{"embeddable":true,"href":"http:\/\/fundaciolluiscoromina.org\/index.php\/wp-json\/wp\/v2\/comments?post=3542"}],"version-history":[{"count":0,"href":"http:\/\/fundaciolluiscoromina.org\/index.php\/wp-json\/wp\/v2\/posts\/3542\/revisions"}],"wp:attachment":[{"href":"http:\/\/fundaciolluiscoromina.org\/index.php\/wp-json\/wp\/v2\/media?parent=3542"}],"wp:term":[{"taxonomy":"category","embeddable":true,"href":"http:\/\/fundaciolluiscoromina.org\/index.php\/wp-json\/wp\/v2\/categories?post=3542"},{"taxonomy":"post_tag","embeddable":true,"href":"http:\/\/fundaciolluiscoromina.org\/index.php\/wp-json\/wp\/v2\/tags?post=3542"}],"curies":[{"name":"wp","href":"https:\/\/api.w.org\/{rel}","templated":true}]}}