{"id":3552,"date":"2017-07-28T12:20:35","date_gmt":"2017-07-28T10:20:35","guid":{"rendered":"http:\/\/www.fundaciolluiscoromina.org\/?p=3552"},"modified":"2017-07-28T12:20:35","modified_gmt":"2017-07-28T10:20:35","slug":"la-fundacio-lluis-coromina-dona-suport-a-la-setena-edicio-del-festival-internacional-del-circ-elefant-dor","status":"publish","type":"post","link":"http:\/\/fundaciolluiscoromina.org\/index.php\/2017\/07\/28\/la-fundacio-lluis-coromina-dona-suport-a-la-setena-edicio-del-festival-internacional-del-circ-elefant-dor\/","title":{"rendered":"La Fundaci\u00f3 Llu\u00eds Coromina d\u00f3na suport a la setena edici\u00f3 del Festival Internacional del Circ Elefant d\u2019Or"},"content":{"rendered":"<p>La Fundaci\u00f3 Llu\u00eds Coromina d\u00f3na suport a la setena edici\u00f3 del Festival Internacional del Circ Elefant d\u2019Or que tindr\u00e0 lloc al Camp de Mart de La Devesa de Girona del 22 al 26 de febrer de 2018 i que s&#8217;emmarca dins dels actes <span class=\"\" lang=\"CA\">europeus de commemoraci\u00f3 dels 250 anys del naixement del circ. <\/span><\/p>\n<p><span class=\"\" lang=\"CA\">Algunes de les principals companyies del m\u00f3n del circ ja han confirmat l\u2019aportaci\u00f3 a Elefant d\u2019Or 2018 dels seus nous muntatges art\u00edstics: el <b class=\"\">Gran Circ estatal de R\u00fassia<\/b>, el <b class=\"\">Circ Nacional de Vietnam<\/b> o el <b class=\"\">Circ Nacional de Pyongyang<\/b> presentaran al Festival les seves noves <i class=\"\">troupes<\/i> d\u2019acr\u00f2bates. En total el Festival oferir\u00e0 <b class=\"\">24 atraccions in\u00e8dites a Europa<\/b>.<\/span><\/p>\n<p>El festival, que est\u00e0 organitzat per Circus Arts Foundation, tamb\u00e9 t\u00e9 el suport institucional de l\u2019Ajuntament de Girona, la Diputaci\u00f3 de Girona i el Patronat de Turisme de la Costa Brava.<\/p>\n<p><span class=\"\" lang=\"CA\">\u00a0<\/span><\/p>\n","protected":false},"excerpt":{"rendered":"<p>La Fundaci\u00f3 Llu\u00eds Coromina d\u00f3na suport a la setena edici\u00f3 del Festival Internacional del Circ Elefant d\u2019Or que tindr\u00e0 lloc &#8230;<\/p>\n","protected":false},"author":2,"featured_media":3554,"comment_status":"open","ping_status":"open","sticky":false,"template":"","format":"standard","meta":{"footnotes":""},"categories":[10],"tags":[],"class_list":["post-3552","post","type-post","status-publish","format-standard","has-post-thumbnail","hentry","category-activitats"],"_links":{"self":[{"href":"http:\/\/fundaciolluiscoromina.org\/index.php\/wp-json\/wp\/v2\/posts\/3552","targetHints":{"allow":["GET"]}}],"collection":[{"href":"http:\/\/fundaciolluiscoromina.org\/index.php\/wp-json\/wp\/v2\/posts"}],"about":[{"href":"http:\/\/fundaciolluiscoromina.org\/index.php\/wp-json\/wp\/v2\/types\/post"}],"author":[{"embeddable":true,"href":"http:\/\/fundaciolluiscoromina.org\/index.php\/wp-json\/wp\/v2\/users\/2"}],"replies":[{"embeddable":true,"href":"http:\/\/fundaciolluiscoromina.org\/index.php\/wp-json\/wp\/v2\/comments?post=3552"}],"version-history":[{"count":0,"href":"http:\/\/fundaciolluiscoromina.org\/index.php\/wp-json\/wp\/v2\/posts\/3552\/revisions"}],"wp:attachment":[{"href":"http:\/\/fundaciolluiscoromina.org\/index.php\/wp-json\/wp\/v2\/media?parent=3552"}],"wp:term":[{"taxonomy":"category","embeddable":true,"href":"http:\/\/fundaciolluiscoromina.org\/index.php\/wp-json\/wp\/v2\/categories?post=3552"},{"taxonomy":"post_tag","embeddable":true,"href":"http:\/\/fundaciolluiscoromina.org\/index.php\/wp-json\/wp\/v2\/tags?post=3552"}],"curies":[{"name":"wp","href":"https:\/\/api.w.org\/{rel}","templated":true}]}}