{"id":3560,"date":"2017-08-01T12:05:30","date_gmt":"2017-08-01T10:05:30","guid":{"rendered":"http:\/\/www.fundaciolluiscoromina.org\/?p=3560"},"modified":"2017-08-01T12:05:30","modified_gmt":"2017-08-01T10:05:30","slug":"del-7-dagost-a-l11-de-setembre-artistes-outsiders-a-la-fundacio-perramon-de-ventallo","status":"publish","type":"post","link":"http:\/\/fundaciolluiscoromina.org\/index.php\/2017\/08\/01\/del-7-dagost-a-l11-de-setembre-artistes-outsiders-a-la-fundacio-perramon-de-ventallo\/","title":{"rendered":"&#8216;Artistes Outsiders&#8217;, a la Fundacio\u0301 Perramon de Ventallo\u0301 del 7 d&#8217;agost a l&#8217;11 de setembre"},"content":{"rendered":"<div class=\"page\" title=\"Page 1\">\n<div class=\"layoutArea\">\n<div class=\"column\">\n<p>La Fundacio\u0301 Perramon de Ventallo\u0301 acollir\u00e0 a partir del 7 d&#8217;agost l\u2019exposicio\u0301 <em>Artistes Outsiders<\/em>, en qu\u00e8 es donara\u0300 a cone\u0300ixer l\u2019obra de creadors amb capacitats mu\u0301ltiples, que han treballat sota la direccio\u0301 de la Fundacio\u0301 Estany, la Fundacio\u0301 Estimia i La Casa de Carlota, amb la col\u00b7laboracio\u0301 de la Fundacio\u0301 Llui\u0301s Coromina, Focus Engelhorn, DKV-Integralia i Bonart Cultural.<\/p>\n<\/div>\n<p>Segons el cr\u00edtic d&#8217;art i curador de l&#8217;exposici\u00f3 Ricard Planas, \u00abl&#8217;Art t\u00e9 una dimensi\u00f3 social que fa de la cultura un valor de primer nivell. Perqu\u00e8 m\u00e9s sovint que menys, l&#8217;Art i la Cultura s\u00f3n inclusius, cohesionen la societat i la q\u00fcestionen, fan d&#8217;ascensor social i, al capdavall, ens defineixen com a persones i com a col\u00b7lectivitat.\u00bb<\/p>\n<p>Aix\u00ed, gr\u00e0cies a la uni\u00f3 d&#8217;empreses socials i culturals que fa temps recerquen en aquesta l\u00ednia, s&#8217;exhibeix un sint\u00e8tic per\u00f2 dens recull d&#8217;obres representatives d&#8217;artistes \u00aboutsiders\u00bb de casa nostra,\u00a0 en forma de collage o escultura expressionista, altres cops com a pintura futurista o instal\u00b7laci\u00f3 de la millor her\u00e8ncia conceptual.<\/p>\n<p>La inauguracio\u0301 tindra\u0300 lloc el dilluns 7 d\u2019agost a les 19:30h a la Fundacio\u0301 Perramon de Ventallo\u0301 (carrer del Pou 11, Ventallo\u0301 &#8211; Alt Emporda\u0300) i es podr\u00e0 visitar de dilluns a diumenge d&#8217;11 h a 20 h.<\/p>\n<\/div>\n<\/div>\n","protected":false},"excerpt":{"rendered":"<p>La Fundacio\u0301 Perramon de Ventallo\u0301 acollir\u00e0 a partir del 7 d&#8217;agost l\u2019exposicio\u0301 Artistes Outsiders, en qu\u00e8 es donara\u0300 a cone\u0300ixer &#8230;<\/p>\n","protected":false},"author":2,"featured_media":3559,"comment_status":"open","ping_status":"open","sticky":false,"template":"","format":"standard","meta":{"footnotes":""},"categories":[14,10],"tags":[],"class_list":["post-3560","post","type-post","status-publish","format-standard","has-post-thumbnail","hentry","category-accions-culturals","category-activitats"],"_links":{"self":[{"href":"http:\/\/fundaciolluiscoromina.org\/index.php\/wp-json\/wp\/v2\/posts\/3560","targetHints":{"allow":["GET"]}}],"collection":[{"href":"http:\/\/fundaciolluiscoromina.org\/index.php\/wp-json\/wp\/v2\/posts"}],"about":[{"href":"http:\/\/fundaciolluiscoromina.org\/index.php\/wp-json\/wp\/v2\/types\/post"}],"author":[{"embeddable":true,"href":"http:\/\/fundaciolluiscoromina.org\/index.php\/wp-json\/wp\/v2\/users\/2"}],"replies":[{"embeddable":true,"href":"http:\/\/fundaciolluiscoromina.org\/index.php\/wp-json\/wp\/v2\/comments?post=3560"}],"version-history":[{"count":0,"href":"http:\/\/fundaciolluiscoromina.org\/index.php\/wp-json\/wp\/v2\/posts\/3560\/revisions"}],"wp:attachment":[{"href":"http:\/\/fundaciolluiscoromina.org\/index.php\/wp-json\/wp\/v2\/media?parent=3560"}],"wp:term":[{"taxonomy":"category","embeddable":true,"href":"http:\/\/fundaciolluiscoromina.org\/index.php\/wp-json\/wp\/v2\/categories?post=3560"},{"taxonomy":"post_tag","embeddable":true,"href":"http:\/\/fundaciolluiscoromina.org\/index.php\/wp-json\/wp\/v2\/tags?post=3560"}],"curies":[{"name":"wp","href":"https:\/\/api.w.org\/{rel}","templated":true}]}}