{"id":3566,"date":"2017-08-05T11:39:32","date_gmt":"2017-08-05T09:39:32","guid":{"rendered":"http:\/\/www.fundaciolluiscoromina.org\/?p=3566"},"modified":"2017-08-05T11:39:32","modified_gmt":"2017-08-05T09:39:32","slug":"pere-vila-destaca-la-transformacio-historica-que-els-jocs-olimpics-van-suposar-per-banyoles-i-el-pla-de-lestany","status":"publish","type":"post","link":"http:\/\/fundaciolluiscoromina.org\/index.php\/2017\/08\/05\/pere-vila-destaca-la-transformacio-historica-que-els-jocs-olimpics-van-suposar-per-banyoles-i-el-pla-de-lestany\/","title":{"rendered":"Pere Vila destaca \u00abla transformaci\u00f3 hist\u00f2rica que els jocs ol\u00edmpics van suposar per Banyoles i el Pla de l&#8217;Estany\u00bb"},"content":{"rendered":"<p>Pere Vila, president de la diputaci\u00f3 de Girona i alcalde de Llan\u00e7\u00e0, acompanyat per Miquel Noguer, alcalde de Banyoles i vicepresident de la Diputaci\u00f3 de Girona, i Ricard Planas, director de la Fundaci\u00f3 Llu\u00eds Coromina, van visitar ahir l&#8217;exposici\u00f3 que relata la transformaci\u00f3 de Banyoles i la comarca despr\u00e9s d&#8217;\u00e9sser designada subseu ol\u00edmpica de rem dels Jocs Ol\u00edmpics de Barcelona 92. El m\u00e0xim responsable de l&#8217;entitat supramunicipal, Pere Vila va destacar \u00abla transformaci\u00f3 hist\u00f2rica que els jocs ol\u00edmpics van suposar per Banyoles i per tot el Pla de l&#8217;Estany\u00bb i va afegir \u00abBanyoles com Barcelona van ser els dos espais on l&#8217;esdeveniment va estar al servei de la ciutat i no a l&#8217;inrev\u00e9s\u00bb. Els dos m\u00e0xims responsable de la Diputaci\u00f3 tamb\u00e9 van destacar la tasca del curador de l&#8217;exposici\u00f3 Joan Solana, del dissenyador de la mostra, Llu\u00eds Pau, aix\u00ed com de la resta de l&#8217;equip que ho ha fet possible, Pere Duran, Eva Collell, Xavier P\u00e9rez i Pere \u00c1lvaro.<br \/>\nLa Diputaci\u00f3 ha estat una de les m\u00e0ximes promotores d&#8217;aquesta exposici\u00f3, que tamb\u00e9 ha disposat de la col\u00b7laboraci\u00f3 de la Generalitat de Catalunya i del grup AE (agrienergia). En aquests moments tamb\u00e9 s&#8217;est\u00e0 posant de relleu la possibilitat d&#8217;itinerar aquesta exposici\u00f3\u00a0 a Barcelona i elaborar un llibre que recopili passat, present i futur de Banyoles.<\/p>\n<p>&nbsp;<\/p>\n<div id=\"attachment_3567\" style=\"width: 1034px\" class=\"wp-caption alignnone\"><a href=\"http:\/\/www.fundaciolluiscoromina.org\/wp-content\/uploads\/2017\/08\/Visita-Expo-JJOO92-P2.jpg\"><img loading=\"lazy\" decoding=\"async\" aria-describedby=\"caption-attachment-3567\" class=\"size-large wp-image-3567\" src=\"http:\/\/www.fundaciolluiscoromina.org\/wp-content\/uploads\/2017\/08\/Visita-Expo-JJOO92-P2-1024x683.jpg\" alt=\"\" width=\"1024\" height=\"683\" \/><\/a><p id=\"caption-attachment-3567\" class=\"wp-caption-text\">Visita de Pere Vila, President de la Diputacio de Girona, -al centre de la imatge, a l&#8217;esquerra Miquel Noguer, i a la dreta Ricard Planas,\u00a0 a l&#8217;exposici\u00f3 \u00abBanyoles a la llum dels JJOO&#8217;92\u00bb. Espai Eat Art de la Fundaci\u00f3 Llu\u00eds Coromina, Banyoles. Pere Duran \/ Nord Media<\/p><\/div>\n<div id=\"attachment_3538\" style=\"width: 1034px\" class=\"wp-caption alignnone\"><a href=\"http:\/\/www.fundaciolluiscoromina.org\/wp-content\/uploads\/2017\/07\/In-Expo-JJOO-BNY-P1.jpg\"><img loading=\"lazy\" decoding=\"async\" aria-describedby=\"caption-attachment-3538\" class=\"size-large wp-image-3538\" src=\"http:\/\/www.fundaciolluiscoromina.org\/wp-content\/uploads\/2017\/07\/In-Expo-JJOO-BNY-P1-1024x683.jpg\" alt=\"\" width=\"1024\" height=\"683\" \/><\/a><p id=\"caption-attachment-3538\" class=\"wp-caption-text\">Exposici\u00f3 Banyoles a la llum dels JJOO&#8217;92 a l&#8217;Espai Eat Art de la Fundaci\u00f3 Llu\u00eds Coromina. Pere Duran \/ Nord Media<\/p><\/div>\n<p>&nbsp;<\/p>\n<div id=\"attachment_3568\" style=\"width: 693px\" class=\"wp-caption alignnone\"><a href=\"http:\/\/www.fundaciolluiscoromina.org\/wp-content\/uploads\/2017\/08\/Visita-Expo-JJOO92-P6.jpg\"><img loading=\"lazy\" decoding=\"async\" aria-describedby=\"caption-attachment-3568\" class=\"size-large wp-image-3568\" src=\"http:\/\/www.fundaciolluiscoromina.org\/wp-content\/uploads\/2017\/08\/Visita-Expo-JJOO92-P6-683x1024.jpg\" alt=\"\" width=\"683\" height=\"1024\" \/><\/a><p id=\"caption-attachment-3568\" class=\"wp-caption-text\">Visita de Pere Vila, President de la Diputacio de Girona a l&#8217;exposici\u00f3 \u00abBanyoles a la llum dels JJOO&#8217;92\u00bb a l&#8217;espai Eat Art de la Fundaci\u00f3 Llu\u00eds Coromina a Banyoles. Pere Duran \/ Nord Media<\/p><\/div>\n","protected":false},"excerpt":{"rendered":"<p>Pere Vila, president de la diputaci\u00f3 de Girona i alcalde de Llan\u00e7\u00e0, acompanyat per Miquel Noguer, alcalde de Banyoles i &#8230;<\/p>\n","protected":false},"author":2,"featured_media":3567,"comment_status":"open","ping_status":"open","sticky":false,"template":"","format":"standard","meta":{"footnotes":""},"categories":[10],"tags":[],"class_list":["post-3566","post","type-post","status-publish","format-standard","has-post-thumbnail","hentry","category-activitats"],"_links":{"self":[{"href":"http:\/\/fundaciolluiscoromina.org\/index.php\/wp-json\/wp\/v2\/posts\/3566","targetHints":{"allow":["GET"]}}],"collection":[{"href":"http:\/\/fundaciolluiscoromina.org\/index.php\/wp-json\/wp\/v2\/posts"}],"about":[{"href":"http:\/\/fundaciolluiscoromina.org\/index.php\/wp-json\/wp\/v2\/types\/post"}],"author":[{"embeddable":true,"href":"http:\/\/fundaciolluiscoromina.org\/index.php\/wp-json\/wp\/v2\/users\/2"}],"replies":[{"embeddable":true,"href":"http:\/\/fundaciolluiscoromina.org\/index.php\/wp-json\/wp\/v2\/comments?post=3566"}],"version-history":[{"count":0,"href":"http:\/\/fundaciolluiscoromina.org\/index.php\/wp-json\/wp\/v2\/posts\/3566\/revisions"}],"wp:attachment":[{"href":"http:\/\/fundaciolluiscoromina.org\/index.php\/wp-json\/wp\/v2\/media?parent=3566"}],"wp:term":[{"taxonomy":"category","embeddable":true,"href":"http:\/\/fundaciolluiscoromina.org\/index.php\/wp-json\/wp\/v2\/categories?post=3566"},{"taxonomy":"post_tag","embeddable":true,"href":"http:\/\/fundaciolluiscoromina.org\/index.php\/wp-json\/wp\/v2\/tags?post=3566"}],"curies":[{"name":"wp","href":"https:\/\/api.w.org\/{rel}","templated":true}]}}