{"id":3572,"date":"2017-08-10T13:14:26","date_gmt":"2017-08-10T11:14:26","guid":{"rendered":"http:\/\/www.fundaciolluiscoromina.org\/?p=3572"},"modified":"2017-08-10T13:14:26","modified_gmt":"2017-08-10T11:14:26","slug":"inaugurada-lexposicio-artistes-outsiders-a-la-fundacio-perramon-de-ventallo","status":"publish","type":"post","link":"http:\/\/fundaciolluiscoromina.org\/index.php\/2017\/08\/10\/inaugurada-lexposicio-artistes-outsiders-a-la-fundacio-perramon-de-ventallo\/","title":{"rendered":"Inaugurada l&#8217;exposici\u00f3 &#8216;Artistes Outsiders&#8217; a la Fundaci\u00f3 Perramon de Ventall\u00f3"},"content":{"rendered":"<div class=\"page\" title=\"Page 1\">\n<div class=\"layoutArea\">\n<div class=\"column\">L\u2019obra dels artistes \u00aboutsiders\u00bb, creadors amb capacitats mu\u0301ltiples que han treballat sota la direccio\u0301 de la Fundacio\u0301 Estany, la Fundacio\u0301 Estimia i La Casa de Carlota, amb la col\u00b7laboracio\u0301 de la Fundacio\u0301 Llui\u0301s Coromina, Focus Engelhorn, DKV-Integralia i Bonart Cultural, ja es troba exposada a la Fundaci\u00f3 Perramon de Ventall\u00f3.<\/div>\n<div class=\"column\"><\/div>\n<div class=\"column\"><\/div>\n<div id=\"attachment_3573\" style=\"width: 1034px\" class=\"wp-caption alignnone\"><a href=\"http:\/\/www.fundaciolluiscoromina.org\/wp-content\/uploads\/2017\/08\/In-Artistes-Outsiders-Ventallo\u0301-P1.jpeg\"><img loading=\"lazy\" decoding=\"async\" aria-describedby=\"caption-attachment-3573\" class=\"size-large wp-image-3573\" src=\"http:\/\/www.fundaciolluiscoromina.org\/wp-content\/uploads\/2017\/08\/In-Artistes-Outsiders-Ventallo\u0301-P1-1024x683.jpeg\" alt=\"\" width=\"1024\" height=\"683\" \/><\/a><p id=\"caption-attachment-3573\" class=\"wp-caption-text\">Acte d&#8217;inauguraci\u00f3 de l&#8217;exposici\u00f3. Pere Duran \/ Nord Media<\/p><\/div>\n<p>Segons el cr\u00edtic d\u2019art i curador de l\u2019exposici\u00f3 Ricard Planas, \u201cl\u2019Art t\u00e9 una dimensi\u00f3 social que fa de la cultura un valor de primer nivell. Perqu\u00e8 m\u00e9s sovint que menys, l\u2019Art i la Cultura s\u00f3n inclusius, cohesionen la societat i la q\u00fcestionen, fan d\u2019ascensor social i, al capdavall, ens defineixen com a persones i com a col\u00b7lectivitat.\u201d<\/p>\n<div id=\"attachment_3574\" style=\"width: 1034px\" class=\"wp-caption alignnone\"><a href=\"http:\/\/www.fundaciolluiscoromina.org\/wp-content\/uploads\/2017\/08\/In-Artistes-Outsiders-Ventallo\u0301-P9.jpeg\"><img loading=\"lazy\" decoding=\"async\" aria-describedby=\"caption-attachment-3574\" class=\"size-large wp-image-3574\" src=\"http:\/\/www.fundaciolluiscoromina.org\/wp-content\/uploads\/2017\/08\/In-Artistes-Outsiders-Ventallo\u0301-P9-1024x683.jpeg\" alt=\"\" width=\"1024\" height=\"683\" \/><\/a><p id=\"caption-attachment-3574\" class=\"wp-caption-text\">Algunes de les obres que es poden veure a l&#8217;exposici\u00f3. Pere Duran \/ Nord Media<\/p><\/div>\n<p>Aix\u00ed, gr\u00e0cies a la uni\u00f3 d\u2019empreses socials i culturals que fa temps recerquen en aquesta l\u00ednia, s\u2019exhibeix un sint\u00e8tic per\u00f2 dens recull d\u2019obres representatives d\u2019artistes \u201coutsiders\u201d de casa nostra,\u00a0 en forma de collage o escultura expressionista, altres cops com a pintura futurista o instal\u00b7laci\u00f3 de la millor her\u00e8ncia conceptual.<\/p>\n<p>La mostra es pot visitar de dilluns a diumenge d\u201911 h a 20 h.<\/p>\n<div id=\"attachment_3575\" style=\"width: 1034px\" class=\"wp-caption alignnone\"><a href=\"http:\/\/www.fundaciolluiscoromina.org\/wp-content\/uploads\/2017\/08\/In-Artistes-Outsiders-Ventallo\u0301-P3.jpeg\"><img loading=\"lazy\" decoding=\"async\" aria-describedby=\"caption-attachment-3575\" class=\"size-large wp-image-3575\" src=\"http:\/\/www.fundaciolluiscoromina.org\/wp-content\/uploads\/2017\/08\/In-Artistes-Outsiders-Ventallo\u0301-P3-1024x683.jpeg\" alt=\"\" width=\"1024\" height=\"683\" \/><\/a><p id=\"caption-attachment-3575\" class=\"wp-caption-text\">Detall de dues de les obres exposades. Pere Duran \/ Nord Media<\/p><\/div>\n<p>&nbsp;<\/p>\n<\/div>\n<\/div>\n","protected":false},"excerpt":{"rendered":"<p>L\u2019obra dels artistes \u00aboutsiders\u00bb, creadors amb capacitats mu\u0301ltiples que han treballat sota la direccio\u0301 de la Fundacio\u0301 Estany, la Fundacio\u0301 &#8230;<\/p>\n","protected":false},"author":2,"featured_media":3577,"comment_status":"open","ping_status":"open","sticky":false,"template":"","format":"standard","meta":{"footnotes":""},"categories":[10],"tags":[],"class_list":["post-3572","post","type-post","status-publish","format-standard","has-post-thumbnail","hentry","category-activitats"],"_links":{"self":[{"href":"http:\/\/fundaciolluiscoromina.org\/index.php\/wp-json\/wp\/v2\/posts\/3572","targetHints":{"allow":["GET"]}}],"collection":[{"href":"http:\/\/fundaciolluiscoromina.org\/index.php\/wp-json\/wp\/v2\/posts"}],"about":[{"href":"http:\/\/fundaciolluiscoromina.org\/index.php\/wp-json\/wp\/v2\/types\/post"}],"author":[{"embeddable":true,"href":"http:\/\/fundaciolluiscoromina.org\/index.php\/wp-json\/wp\/v2\/users\/2"}],"replies":[{"embeddable":true,"href":"http:\/\/fundaciolluiscoromina.org\/index.php\/wp-json\/wp\/v2\/comments?post=3572"}],"version-history":[{"count":0,"href":"http:\/\/fundaciolluiscoromina.org\/index.php\/wp-json\/wp\/v2\/posts\/3572\/revisions"}],"wp:attachment":[{"href":"http:\/\/fundaciolluiscoromina.org\/index.php\/wp-json\/wp\/v2\/media?parent=3572"}],"wp:term":[{"taxonomy":"category","embeddable":true,"href":"http:\/\/fundaciolluiscoromina.org\/index.php\/wp-json\/wp\/v2\/categories?post=3572"},{"taxonomy":"post_tag","embeddable":true,"href":"http:\/\/fundaciolluiscoromina.org\/index.php\/wp-json\/wp\/v2\/tags?post=3572"}],"curies":[{"name":"wp","href":"https:\/\/api.w.org\/{rel}","templated":true}]}}