{"id":3580,"date":"2017-08-10T13:40:52","date_gmt":"2017-08-10T11:40:52","guid":{"rendered":"http:\/\/www.fundaciolluiscoromina.org\/?p=3580"},"modified":"2017-08-10T13:40:52","modified_gmt":"2017-08-10T11:40:52","slug":"la-fundacio-lluis-coromina-collabora-amb-el-festival-panoramic","status":"publish","type":"post","link":"http:\/\/fundaciolluiscoromina.org\/index.php\/2017\/08\/10\/la-fundacio-lluis-coromina-collabora-amb-el-festival-panoramic\/","title":{"rendered":"La Fundaci\u00f3 Llu\u00eds Coromina col\u00b7labora amb el Festival Panor\u00e0mic"},"content":{"rendered":"<div class=\"wpb_text_column wpb_content_element \">\n<div class=\"wpb_text_column wpb_content_element \">\n<p>La Fundaci\u00f3 Llu\u00eds Coromina col\u00b7labora amb el <a href=\"http:\/\/panoramicgranollers.cat\/\">Panor\u00e0mic<\/a>, un festival que explora la relaci\u00f3 entre el cinema i la fotografia, i promou i incentiva la recerca de nous llenguatges i narratives audiovisuals. El festival tindr\u00e0 lloc a Granollers del 22 al 26 de novembre. Es tracta d&#8217;una iniciativa d\u2019Albert Gusi i Fidel Balaguer (Grisart), que compta amb la complicitat de Joan Fontcuberta, Jes\u00fas Vilamaj\u00f3, Joana Hurtado, F\u00e8lix P\u00e9rez-Hita, Andr\u00e9s Hispano i Laia Casanova, aix\u00ed com el comprom\u00eds de l\u2019Ajuntament de Granollers, Roca Umbert. F\u00e0brica de les Arts, el Departament de Cultura de la Generalitat de Catalunya, la Fundaci\u00f3 Llu\u00eds Coromina i l\u2019Associaci\u00f3 Cultural Cineclub de Granollers. L&#8217;objectiu \u00e9s crear un context en qu\u00e8 les noves din\u00e0miques associades a les produccions fotogr\u00e0fiques i cinematogr\u00e0fiques contempor\u00e0nies tinguin un espai d\u2019exhibici\u00f3 compartit i continuat i apostar clarament pels nous llenguatges narratius, tant en el camp documental, com en l\u2019experimental o art\u00edstic, aix\u00ed com contribuir a visibilitzar els nous artistes.<\/p>\n<div class=\"wpb_column vc_column_container vc_col-sm-12\">\n<div class=\"vc_column-inner \">\n<div class=\"wpb_wrapper\">\n<div class=\"vc_row wpb_row vc_inner vc_row-fluid\">\n<div class=\"wpb_column vc_column_container vc_col-sm-4\">\n<div class=\"vc_column-inner \">\n<div class=\"wpb_wrapper\">\n<div class=\"ult-spacer spacer-598c41e58d482\" data-id=\"598c41e58d482\" data-height=\"0\" data-height-mobile=\"40\" data-height-tab=\"\" data-height-tab-portrait=\"\" data-height-mobile-landscape=\"40\">\n<div class=\"wpb_text_column wpb_content_element \">\n<div class=\"wpb_wrapper\">\n<p>&nbsp;<\/p>\n<\/div>\n<\/div>\n<\/div>\n<\/div>\n<\/div>\n<\/div>\n<\/div>\n<\/div>\n<\/div>\n<\/div>\n<\/div>\n<\/div>\n","protected":false},"excerpt":{"rendered":"<p>La Fundaci\u00f3 Llu\u00eds Coromina col\u00b7labora amb el Panor\u00e0mic, un festival que explora la relaci\u00f3 entre el cinema i la fotografia, &#8230;<\/p>\n","protected":false},"author":2,"featured_media":3581,"comment_status":"open","ping_status":"open","sticky":false,"template":"","format":"standard","meta":{"footnotes":""},"categories":[10],"tags":[],"class_list":["post-3580","post","type-post","status-publish","format-standard","has-post-thumbnail","hentry","category-activitats"],"_links":{"self":[{"href":"http:\/\/fundaciolluiscoromina.org\/index.php\/wp-json\/wp\/v2\/posts\/3580","targetHints":{"allow":["GET"]}}],"collection":[{"href":"http:\/\/fundaciolluiscoromina.org\/index.php\/wp-json\/wp\/v2\/posts"}],"about":[{"href":"http:\/\/fundaciolluiscoromina.org\/index.php\/wp-json\/wp\/v2\/types\/post"}],"author":[{"embeddable":true,"href":"http:\/\/fundaciolluiscoromina.org\/index.php\/wp-json\/wp\/v2\/users\/2"}],"replies":[{"embeddable":true,"href":"http:\/\/fundaciolluiscoromina.org\/index.php\/wp-json\/wp\/v2\/comments?post=3580"}],"version-history":[{"count":0,"href":"http:\/\/fundaciolluiscoromina.org\/index.php\/wp-json\/wp\/v2\/posts\/3580\/revisions"}],"wp:attachment":[{"href":"http:\/\/fundaciolluiscoromina.org\/index.php\/wp-json\/wp\/v2\/media?parent=3580"}],"wp:term":[{"taxonomy":"category","embeddable":true,"href":"http:\/\/fundaciolluiscoromina.org\/index.php\/wp-json\/wp\/v2\/categories?post=3580"},{"taxonomy":"post_tag","embeddable":true,"href":"http:\/\/fundaciolluiscoromina.org\/index.php\/wp-json\/wp\/v2\/tags?post=3580"}],"curies":[{"name":"wp","href":"https:\/\/api.w.org\/{rel}","templated":true}]}}