{"id":3586,"date":"2017-08-29T13:10:28","date_gmt":"2017-08-29T11:10:28","guid":{"rendered":"http:\/\/www.fundaciolluiscoromina.org\/?p=3586"},"modified":"2017-08-29T13:10:28","modified_gmt":"2017-08-29T11:10:28","slug":"absolut-ii-de-lluis-vila-al-centre-cultural-terrassa","status":"publish","type":"post","link":"http:\/\/fundaciolluiscoromina.org\/index.php\/2017\/08\/29\/absolut-ii-de-lluis-vila-al-centre-cultural-terrassa\/","title":{"rendered":"&#8216;Absolut II&#8217;, de Llu\u00eds Vil\u00e0, al Centre Cultural Terrassa"},"content":{"rendered":"<div>\n<div title=\"Page 1\">\n<div>\n<div>\n<p>El Centre Cultural Terrassa i la Fundaci\u00f3 Llu\u00eds Coromina presenten l\u2019exposici\u00f3 <em>Absolut II<\/em>, de l&#8217;artista Llu\u00eds Vil\u00e0. La s\u00e8rie <em>Absolut<\/em> est\u00e0 emmarcada en el concepte bic\u00e8fal: principi i fi, construcci\u00f3 i destrucci\u00f3, l&#8217;absolut suposa el marc referencial i l&#8217;horitz\u00f3 d&#8217;expectatives de tota creaci\u00f3. Se sost\u00e9 a partir de la desconstrucci\u00f3 de la seva pr\u00f2pia obra. Un espai en blanc, resultat de la construcci\u00f3 i destrucci\u00f3 de l&#8217;obra. Llu\u00eds Vil\u00e0 ho descrivia aix\u00ed: \u00abEl proc\u00e9s de despintar l&#8217;obra fins que pr\u00e0cticament ha desaparegut&#8230;\u00bb <em>Nautes<\/em>, la s\u00e8rie d&#8217;escultures elaborades del 2006 al 2009 s\u00f3n \u00e9ssers an\u00f2nims, sense rostres, que exemplifiquen la potencialitat de tot element en desenvolupament. Figures que graviten en el silenci del color.<\/p>\n<p>La inauguracio\u0301 de la mostra, que es podr\u00e0 veure del 7 de setembre al 22 d&#8217;octubre tindr\u00e0 lloc el mateix 7 de setembre a les 19 h. L&#8217;horari per visitar-la \u00e9s de dilluns a dissabte de 16 h a 21 h.<\/p>\n<\/div>\n<\/div>\n<\/div>\n<\/div>\n","protected":false},"excerpt":{"rendered":"<p>El Centre Cultural Terrassa i la Fundaci\u00f3 Llu\u00eds Coromina presenten l\u2019exposici\u00f3 Absolut II, de l&#8217;artista Llu\u00eds Vil\u00e0. La s\u00e8rie Absolut &#8230;<\/p>\n","protected":false},"author":2,"featured_media":3585,"comment_status":"open","ping_status":"open","sticky":false,"template":"","format":"standard","meta":{"footnotes":""},"categories":[14,10],"tags":[],"class_list":["post-3586","post","type-post","status-publish","format-standard","has-post-thumbnail","hentry","category-accions-culturals","category-activitats"],"_links":{"self":[{"href":"http:\/\/fundaciolluiscoromina.org\/index.php\/wp-json\/wp\/v2\/posts\/3586","targetHints":{"allow":["GET"]}}],"collection":[{"href":"http:\/\/fundaciolluiscoromina.org\/index.php\/wp-json\/wp\/v2\/posts"}],"about":[{"href":"http:\/\/fundaciolluiscoromina.org\/index.php\/wp-json\/wp\/v2\/types\/post"}],"author":[{"embeddable":true,"href":"http:\/\/fundaciolluiscoromina.org\/index.php\/wp-json\/wp\/v2\/users\/2"}],"replies":[{"embeddable":true,"href":"http:\/\/fundaciolluiscoromina.org\/index.php\/wp-json\/wp\/v2\/comments?post=3586"}],"version-history":[{"count":0,"href":"http:\/\/fundaciolluiscoromina.org\/index.php\/wp-json\/wp\/v2\/posts\/3586\/revisions"}],"wp:attachment":[{"href":"http:\/\/fundaciolluiscoromina.org\/index.php\/wp-json\/wp\/v2\/media?parent=3586"}],"wp:term":[{"taxonomy":"category","embeddable":true,"href":"http:\/\/fundaciolluiscoromina.org\/index.php\/wp-json\/wp\/v2\/categories?post=3586"},{"taxonomy":"post_tag","embeddable":true,"href":"http:\/\/fundaciolluiscoromina.org\/index.php\/wp-json\/wp\/v2\/tags?post=3586"}],"curies":[{"name":"wp","href":"https:\/\/api.w.org\/{rel}","templated":true}]}}