{"id":3592,"date":"2017-09-01T11:49:51","date_gmt":"2017-09-01T09:49:51","guid":{"rendered":"http:\/\/www.fundaciolluiscoromina.org\/?p=3592"},"modified":"2017-09-01T11:49:51","modified_gmt":"2017-09-01T09:49:51","slug":"dissabte-2-de-setembre-iii-nit-solidaria-costa-brava","status":"publish","type":"post","link":"http:\/\/fundaciolluiscoromina.org\/index.php\/2017\/09\/01\/dissabte-2-de-setembre-iii-nit-solidaria-costa-brava\/","title":{"rendered":"Dissabte 2 de setembre, III Nit Solid\u00e0ria Costa Brava"},"content":{"rendered":"<div class=\"page\" title=\"Page 2\">\n<div class=\"section\">\n<div class=\"layoutArea\">\n<div class=\"column\">\n<div class=\"page\" title=\"Page 1\">\n<div class=\"section\">\n<div class=\"layoutArea\">\n<div class=\"column\">\n<p>Aquest dissabte 2 de setembre el Mas del Vent de Palam\u00f3s acollir\u00e0 la III Nit Solida\u0300ria Costa Brava, organitzada per DKV Integralia, Focus Engelhorn, Fundaci\u00f3 Llu\u00eds Coromina i Bonart Cultural, en benefici de la Fundaci\u00f3 Estany, la Fundaci\u00f3 Estimia i la Casa de Carlota. Una proposta que neix de la motivacio\u0301 d\u2019entitats pu\u0301bliques i privades de treballar plegades per aconseguir reforc\u0327ar projectes de valor afegit a nivell cultural i social. Enguany, es fa una aposta per nous conceptes com creixement creatiu o capacitats mu\u0301ltiples a trave\u0301s d\u2019artistes amb (dis)capacitat. Una nit que es fa per compromi\u0301s i per donar llum a l\u2019Art que va a la recerca dels universals per fer de la vida un radical lliure absolut.<\/p>\n<p>La Nit Solid\u00e0ria comen\u00e7ar\u00e0 a les 19:30 h i comptar\u00e0 amb activitats com una visita a l\u2019exposicio\u0301 Cossos-To\u0300tems de Xavier Medina-Campeny,\u00a0 un sopar dins el Claustre d\u2019estil roma\u0300nic, una actuacio\u0301 de jazz amb Cristian Herna\u0301ndez (Guitarra) i Pere Miro\u0301 (saxo), la Introduccio\u0301 a la gala <em>Artistes Outsiders<\/em> a ca\u0300rrec de l\u2019actriu Cristina Cervia\u0300 amb intervencions de Kurt i Victoria Engelhorn i Ricard Planas, l&#8217;actuacio\u0301 de <em>Danscapacitats Expanding Edges<\/em> a ca\u0300rrec de Judit Joyera, Jordi Saubi\u0301, Josep Portella, Marcel Congost i Albert Puig, i l&#8217;actuacio\u0301 musical de Pol On\u0303ate (teclat), Josep Cordove\u0301s (bateria) i Joan Espinosa (Baix ele\u0300ctric).<\/p>\n<p>&nbsp;<\/p>\n<\/div>\n<\/div>\n<\/div>\n<\/div>\n<\/div>\n<\/div>\n<\/div>\n<\/div>\n","protected":false},"excerpt":{"rendered":"<p>Aquest dissabte 2 de setembre el Mas del Vent de Palam\u00f3s acollir\u00e0 la III Nit Solida\u0300ria Costa Brava, organitzada per &#8230;<\/p>\n","protected":false},"author":2,"featured_media":3595,"comment_status":"open","ping_status":"open","sticky":false,"template":"","format":"standard","meta":{"footnotes":""},"categories":[14,15],"tags":[],"class_list":["post-3592","post","type-post","status-publish","format-standard","has-post-thumbnail","hentry","category-accions-culturals","category-accions-socials"],"_links":{"self":[{"href":"http:\/\/fundaciolluiscoromina.org\/index.php\/wp-json\/wp\/v2\/posts\/3592","targetHints":{"allow":["GET"]}}],"collection":[{"href":"http:\/\/fundaciolluiscoromina.org\/index.php\/wp-json\/wp\/v2\/posts"}],"about":[{"href":"http:\/\/fundaciolluiscoromina.org\/index.php\/wp-json\/wp\/v2\/types\/post"}],"author":[{"embeddable":true,"href":"http:\/\/fundaciolluiscoromina.org\/index.php\/wp-json\/wp\/v2\/users\/2"}],"replies":[{"embeddable":true,"href":"http:\/\/fundaciolluiscoromina.org\/index.php\/wp-json\/wp\/v2\/comments?post=3592"}],"version-history":[{"count":0,"href":"http:\/\/fundaciolluiscoromina.org\/index.php\/wp-json\/wp\/v2\/posts\/3592\/revisions"}],"wp:attachment":[{"href":"http:\/\/fundaciolluiscoromina.org\/index.php\/wp-json\/wp\/v2\/media?parent=3592"}],"wp:term":[{"taxonomy":"category","embeddable":true,"href":"http:\/\/fundaciolluiscoromina.org\/index.php\/wp-json\/wp\/v2\/categories?post=3592"},{"taxonomy":"post_tag","embeddable":true,"href":"http:\/\/fundaciolluiscoromina.org\/index.php\/wp-json\/wp\/v2\/tags?post=3592"}],"curies":[{"name":"wp","href":"https:\/\/api.w.org\/{rel}","templated":true}]}}