{"id":3597,"date":"2017-09-07T11:04:05","date_gmt":"2017-09-07T09:04:05","guid":{"rendered":"http:\/\/www.fundaciolluiscoromina.org\/?p=3597"},"modified":"2017-09-07T11:04:05","modified_gmt":"2017-09-07T09:04:05","slug":"absolut-ii-de-lluis-vila-al-centre-cultural-terrassa-2","status":"publish","type":"post","link":"http:\/\/fundaciolluiscoromina.org\/index.php\/2017\/09\/07\/absolut-ii-de-lluis-vila-al-centre-cultural-terrassa-2\/","title":{"rendered":"&#8216;Absolut II&#8217; de Llu\u00eds Vil\u00e0 al Centre Cultural Terrassa"},"content":{"rendered":"<div>\n<div title=\"Page 1\">\n<div>\n<div>\n<p>Principi i fi, construcci\u00f3 i destrucci\u00f3, l\u2019absolut suposa el marc referencial i l\u2019horitz\u00f3 d\u2019expectatives de tota creaci\u00f3. Se sost\u00e9 a partir de la desconstrucci\u00f3 de la seva pr\u00f2pia obra. Un espai en blanc, resultat de la construcci\u00f3 i destrucci\u00f3 de l\u2019obra. Llu\u00eds Vil\u00e0 ho descrivia aix\u00ed: \u201cEl proc\u00e9s de despintar l\u2019obra fins que pr\u00e0cticament ha desaparegut\u2026\u201d. Aquest \u00e9s el fil conductor de la mostra &#8216;Absolut II&#8217;, de l&#8217;artista banyol\u00ed Llu\u00eds Vil\u00e0, que des d&#8217;avui i fins al 22 d&#8217;octubre es podr\u00e0 veure al Centre Cultural Terrassa.<\/p>\n<p><a href=\"http:\/\/www.fundaciolluiscoromina.org\/wp-content\/uploads\/2017\/09\/IMG_0427.jpg\"><img loading=\"lazy\" decoding=\"async\" class=\"alignnone size-large wp-image-3598\" src=\"http:\/\/www.fundaciolluiscoromina.org\/wp-content\/uploads\/2017\/09\/IMG_0427-1024x768.jpg\" alt=\"\" width=\"1024\" height=\"768\" \/><\/a><\/p>\n<p><em>Nautes<\/em>, la s\u00e8rie d\u2019escultures elaborades del 2006 al 2009 s\u00f3n \u00e9ssers an\u00f2nims, sense rostres, que exemplifiquen la potencialitat de tot element en desenvolupament. Figures que graviten en el silenci del color.<\/p>\n<p><a href=\"http:\/\/www.fundaciolluiscoromina.org\/wp-content\/uploads\/2017\/09\/IMG_0449.jpg\"><img loading=\"lazy\" decoding=\"async\" class=\"alignnone size-large wp-image-3599\" src=\"http:\/\/www.fundaciolluiscoromina.org\/wp-content\/uploads\/2017\/09\/IMG_0449-1024x768.jpg\" alt=\"\" width=\"1024\" height=\"768\" \/><\/a><\/p>\n<p>L\u2019horari per visitar-la \u00e9s de dilluns a dissabte de 16 h a 21 h.<\/p>\n<p><a href=\"http:\/\/www.fundaciolluiscoromina.org\/wp-content\/uploads\/2017\/09\/IMG_0443.jpg\"><img loading=\"lazy\" decoding=\"async\" class=\"alignnone size-large wp-image-3600\" src=\"http:\/\/www.fundaciolluiscoromina.org\/wp-content\/uploads\/2017\/09\/IMG_0443-1024x768.jpg\" alt=\"\" width=\"1024\" height=\"768\" \/><\/a><\/p>\n<\/div>\n<\/div>\n<\/div>\n<\/div>\n","protected":false},"excerpt":{"rendered":"<p>Principi i fi, construcci\u00f3 i destrucci\u00f3, l\u2019absolut suposa el marc referencial i l\u2019horitz\u00f3 d\u2019expectatives de tota creaci\u00f3. Se sost\u00e9 a &#8230;<\/p>\n","protected":false},"author":2,"featured_media":3601,"comment_status":"open","ping_status":"open","sticky":false,"template":"","format":"standard","meta":{"footnotes":""},"categories":[10],"tags":[],"class_list":["post-3597","post","type-post","status-publish","format-standard","has-post-thumbnail","hentry","category-activitats"],"_links":{"self":[{"href":"http:\/\/fundaciolluiscoromina.org\/index.php\/wp-json\/wp\/v2\/posts\/3597","targetHints":{"allow":["GET"]}}],"collection":[{"href":"http:\/\/fundaciolluiscoromina.org\/index.php\/wp-json\/wp\/v2\/posts"}],"about":[{"href":"http:\/\/fundaciolluiscoromina.org\/index.php\/wp-json\/wp\/v2\/types\/post"}],"author":[{"embeddable":true,"href":"http:\/\/fundaciolluiscoromina.org\/index.php\/wp-json\/wp\/v2\/users\/2"}],"replies":[{"embeddable":true,"href":"http:\/\/fundaciolluiscoromina.org\/index.php\/wp-json\/wp\/v2\/comments?post=3597"}],"version-history":[{"count":0,"href":"http:\/\/fundaciolluiscoromina.org\/index.php\/wp-json\/wp\/v2\/posts\/3597\/revisions"}],"wp:attachment":[{"href":"http:\/\/fundaciolluiscoromina.org\/index.php\/wp-json\/wp\/v2\/media?parent=3597"}],"wp:term":[{"taxonomy":"category","embeddable":true,"href":"http:\/\/fundaciolluiscoromina.org\/index.php\/wp-json\/wp\/v2\/categories?post=3597"},{"taxonomy":"post_tag","embeddable":true,"href":"http:\/\/fundaciolluiscoromina.org\/index.php\/wp-json\/wp\/v2\/tags?post=3597"}],"curies":[{"name":"wp","href":"https:\/\/api.w.org\/{rel}","templated":true}]}}