{"id":3608,"date":"2017-09-18T18:22:31","date_gmt":"2017-09-18T16:22:31","guid":{"rendered":"http:\/\/www.fundaciolluiscoromina.org\/?p=3608"},"modified":"2017-09-18T18:22:31","modified_gmt":"2017-09-18T16:22:31","slug":"el-28-de-setembre-taula-rodona-el-futur-de-les-ciutats-petites-en-el-segle-xxi-a-lespai-eat-art","status":"publish","type":"post","link":"http:\/\/fundaciolluiscoromina.org\/index.php\/2017\/09\/18\/el-28-de-setembre-taula-rodona-el-futur-de-les-ciutats-petites-en-el-segle-xxi-a-lespai-eat-art\/","title":{"rendered":"El 28 de setembre, taula rodona &#8216;El futur de les ciutats petites en el segle XXI&#8217; a l&#8217;Espai Eat Art"},"content":{"rendered":"<p>El pr\u00f2xim dijous 28 de setembre tindr\u00e0 lloc a l&#8217;Espai Eat Art la taula rodona <em>El futur de les ciutats petites en el segle XXI<\/em>. Una activitat organitzada per la Fundaci\u00f3 Llu\u00eds Coromina i l&#8217;Ajuntament de Banyoles com a tancament de l&#8217;exposici\u00f3 <em>Banyoles a la llum dels JJOO&#8217;92<\/em>. A l&#8217;acte hi participaran la professora de Geografia i Ci\u00e8ncies Ambientals de la Udg Margarida Casta\u00f1er, l&#8217;arquitecte Josep Mi\u00e0s i el professor Joan Solana, i estar\u00e0 moderat per la periodista B\u00e0rbara Julbe. L&#8217;acte tindr\u00e0 lloc a les 20 h i l&#8217;aforament \u00e9s limitat.<\/p>\n","protected":false},"excerpt":{"rendered":"<p>El pr\u00f2xim dijous 28 de setembre tindr\u00e0 lloc a l&#8217;Espai Eat Art la taula rodona El futur de les ciutats &#8230;<\/p>\n","protected":false},"author":2,"featured_media":3606,"comment_status":"open","ping_status":"open","sticky":false,"template":"","format":"standard","meta":{"footnotes":""},"categories":[14,10,17],"tags":[],"class_list":["post-3608","post","type-post","status-publish","format-standard","has-post-thumbnail","hentry","category-accions-culturals","category-activitats","category-exposicions-espai-eat-art"],"_links":{"self":[{"href":"http:\/\/fundaciolluiscoromina.org\/index.php\/wp-json\/wp\/v2\/posts\/3608","targetHints":{"allow":["GET"]}}],"collection":[{"href":"http:\/\/fundaciolluiscoromina.org\/index.php\/wp-json\/wp\/v2\/posts"}],"about":[{"href":"http:\/\/fundaciolluiscoromina.org\/index.php\/wp-json\/wp\/v2\/types\/post"}],"author":[{"embeddable":true,"href":"http:\/\/fundaciolluiscoromina.org\/index.php\/wp-json\/wp\/v2\/users\/2"}],"replies":[{"embeddable":true,"href":"http:\/\/fundaciolluiscoromina.org\/index.php\/wp-json\/wp\/v2\/comments?post=3608"}],"version-history":[{"count":0,"href":"http:\/\/fundaciolluiscoromina.org\/index.php\/wp-json\/wp\/v2\/posts\/3608\/revisions"}],"wp:attachment":[{"href":"http:\/\/fundaciolluiscoromina.org\/index.php\/wp-json\/wp\/v2\/media?parent=3608"}],"wp:term":[{"taxonomy":"category","embeddable":true,"href":"http:\/\/fundaciolluiscoromina.org\/index.php\/wp-json\/wp\/v2\/categories?post=3608"},{"taxonomy":"post_tag","embeddable":true,"href":"http:\/\/fundaciolluiscoromina.org\/index.php\/wp-json\/wp\/v2\/tags?post=3608"}],"curies":[{"name":"wp","href":"https:\/\/api.w.org\/{rel}","templated":true}]}}