{"id":3611,"date":"2017-10-02T19:48:28","date_gmt":"2017-10-02T17:48:28","guid":{"rendered":"http:\/\/www.fundaciolluiscoromina.org\/?p=3611"},"modified":"2017-10-02T19:48:28","modified_gmt":"2017-10-02T17:48:28","slug":"el-darrer-somni-de-rosa-dilme-continua-endavant","status":"publish","type":"post","link":"http:\/\/fundaciolluiscoromina.org\/index.php\/2017\/10\/02\/el-darrer-somni-de-rosa-dilme-continua-endavant\/","title":{"rendered":"El darrer somni de l&#8217;activista Rosa Dilm\u00e9 continua endavant"},"content":{"rendered":"<p>La missionera banyolina Rosa Dilm\u00e9 va morir a Ruli, Ruanda, el passat mes de setembre, on feia 43 anys que treballava a favor de les persones m\u00e9s vulnerables, tasca per la qual l\u2019any passat va ser reconeguda amb el premi Banyol\u00ed de l\u2019Any a la Millor Iniciativa Social. Al llarg d\u2019aquests 40 anys de treball, Dilm\u00e9 va encap\u00e7alar actuacions destacades a aquesta zona d\u2019\u00e0frica, a uns 60 Km de la capital de Rwanda, Kigali.<\/p>\n<p>Entre els projectes impulsats, una escola d\u2019agricultura per a noies, una escola de pares amb la finalitat d\u2019orientar-los en la crian\u00e7a dels fills, una oficina d\u2019atenci\u00f3 social, atenci\u00f3 als malalts de sida o un centre nutricional i menjador escolar per assegurar els aliments b\u00e0sics dels nens i nenes.<\/p>\n<p>I el darrer dels seus somnis, que quasi sempre acabava materialitzant, fou la creaci\u00f3 d&#8217;un pou d&#8217;aigua potable a Ruli, que va comptar amb el finan\u00e7ament des dels inicis de la Fundaci\u00f3 Llu\u00eds Coromina. Un projecte que, segons el president de la fundaci\u00f3, Llu\u00eds Coromina \u00abera una fita que acabava de consolidar tots els altres projectes que havia desenvolupat a la poblaci\u00f3\u00bb.\u00a0 El pou, que est\u00e0 en construcci\u00f3, \u00abpreveia trobar aigua a menys profunditat i per aix\u00f2 encara no est\u00e0 enllestit, per\u00f2 a finals d&#8217;any creiem que el podrem tenir operatiu\u00bb afirmava Llu\u00eds Coromina, qui ja va supervisar <em>in situ<\/em> els primers treballs l&#8217;any passat.<\/p>\n","protected":false},"excerpt":{"rendered":"<p>La missionera banyolina Rosa Dilm\u00e9 va morir a Ruli, Ruanda, el passat mes de setembre, on feia 43 anys que &#8230;<\/p>\n","protected":false},"author":2,"featured_media":3612,"comment_status":"open","ping_status":"open","sticky":false,"template":"","format":"standard","meta":{"footnotes":""},"categories":[15,9],"tags":[],"class_list":["post-3611","post","type-post","status-publish","format-standard","has-post-thumbnail","hentry","category-accions-socials","category-historic"],"_links":{"self":[{"href":"http:\/\/fundaciolluiscoromina.org\/index.php\/wp-json\/wp\/v2\/posts\/3611","targetHints":{"allow":["GET"]}}],"collection":[{"href":"http:\/\/fundaciolluiscoromina.org\/index.php\/wp-json\/wp\/v2\/posts"}],"about":[{"href":"http:\/\/fundaciolluiscoromina.org\/index.php\/wp-json\/wp\/v2\/types\/post"}],"author":[{"embeddable":true,"href":"http:\/\/fundaciolluiscoromina.org\/index.php\/wp-json\/wp\/v2\/users\/2"}],"replies":[{"embeddable":true,"href":"http:\/\/fundaciolluiscoromina.org\/index.php\/wp-json\/wp\/v2\/comments?post=3611"}],"version-history":[{"count":0,"href":"http:\/\/fundaciolluiscoromina.org\/index.php\/wp-json\/wp\/v2\/posts\/3611\/revisions"}],"wp:attachment":[{"href":"http:\/\/fundaciolluiscoromina.org\/index.php\/wp-json\/wp\/v2\/media?parent=3611"}],"wp:term":[{"taxonomy":"category","embeddable":true,"href":"http:\/\/fundaciolluiscoromina.org\/index.php\/wp-json\/wp\/v2\/categories?post=3611"},{"taxonomy":"post_tag","embeddable":true,"href":"http:\/\/fundaciolluiscoromina.org\/index.php\/wp-json\/wp\/v2\/tags?post=3611"}],"curies":[{"name":"wp","href":"https:\/\/api.w.org\/{rel}","templated":true}]}}