{"id":3624,"date":"2017-10-03T00:18:43","date_gmt":"2017-10-02T22:18:43","guid":{"rendered":"http:\/\/www.fundaciolluiscoromina.org\/?p=3624"},"modified":"2017-10-03T00:18:43","modified_gmt":"2017-10-02T22:18:43","slug":"la-fundacio-lluis-coromina-condemna-lactuacio-policial-de-l1-0","status":"publish","type":"post","link":"http:\/\/fundaciolluiscoromina.org\/index.php\/2017\/10\/03\/la-fundacio-lluis-coromina-condemna-lactuacio-policial-de-l1-0\/","title":{"rendered":"La Fundaci\u00f3 Llu\u00eds Coromina condemna rotundament l&#8217;actuaci\u00f3 policial de l&#8217;1 d&#8217;octubre"},"content":{"rendered":"<div id=\"main\">\n<div id=\"columnA\">\n<p class=\"chapo\">La Fundaci\u00f3 Llu\u00eds Coromina condemna l\u2019actuaci\u00f3 policial durant el refer\u00e8ndum de l&#8217;1 d&#8217;octubre.<\/p>\n<p>La Fundaci\u00f3 Llu\u00eds Coromina lamenta i rebutja els atacs policials contra la poblaci\u00f3 que van tenir lloc a Catalunya durant la jornada de l\u20191 d\u2019octubre del 2017. I posem \u00e8mfasi en el Pla de l&#8217;Estany, especialment amb tota la gent d&#8217;Esponell\u00e0, on l&#8217;agressi\u00f3 fou duta a terme amb m\u00e9s intensitat pels agents de la Gu\u00e0rdia Civil. Considerem que \u00e9s una agressi\u00f3 directa a la democr\u00e0cia, a les llibertats i drets fonamentals, a les institucions catalanes i en especial al Govern de la Generalitat de Catalunya. En protesta per aquests fets, l\u2019equip de la Fundaci\u00f3 Llu\u00eds Coromina no dur\u00e0 a terme cap activitat durant la jornada de dem\u00e0.<\/p>\n<p>Banyoles, 2 d\u2019octubre del 2017.<\/p>\n<\/div>\n<\/div>\n","protected":false},"excerpt":{"rendered":"<p>La Fundaci\u00f3 Llu\u00eds Coromina condemna l\u2019actuaci\u00f3 policial durant el refer\u00e8ndum de l&#8217;1 d&#8217;octubre. La Fundaci\u00f3 Llu\u00eds Coromina lamenta i rebutja &#8230;<\/p>\n","protected":false},"author":2,"featured_media":3629,"comment_status":"open","ping_status":"open","sticky":false,"template":"","format":"standard","meta":{"footnotes":""},"categories":[14,15,9],"tags":[],"class_list":["post-3624","post","type-post","status-publish","format-standard","has-post-thumbnail","hentry","category-accions-culturals","category-accions-socials","category-historic"],"_links":{"self":[{"href":"http:\/\/fundaciolluiscoromina.org\/index.php\/wp-json\/wp\/v2\/posts\/3624","targetHints":{"allow":["GET"]}}],"collection":[{"href":"http:\/\/fundaciolluiscoromina.org\/index.php\/wp-json\/wp\/v2\/posts"}],"about":[{"href":"http:\/\/fundaciolluiscoromina.org\/index.php\/wp-json\/wp\/v2\/types\/post"}],"author":[{"embeddable":true,"href":"http:\/\/fundaciolluiscoromina.org\/index.php\/wp-json\/wp\/v2\/users\/2"}],"replies":[{"embeddable":true,"href":"http:\/\/fundaciolluiscoromina.org\/index.php\/wp-json\/wp\/v2\/comments?post=3624"}],"version-history":[{"count":0,"href":"http:\/\/fundaciolluiscoromina.org\/index.php\/wp-json\/wp\/v2\/posts\/3624\/revisions"}],"wp:attachment":[{"href":"http:\/\/fundaciolluiscoromina.org\/index.php\/wp-json\/wp\/v2\/media?parent=3624"}],"wp:term":[{"taxonomy":"category","embeddable":true,"href":"http:\/\/fundaciolluiscoromina.org\/index.php\/wp-json\/wp\/v2\/categories?post=3624"},{"taxonomy":"post_tag","embeddable":true,"href":"http:\/\/fundaciolluiscoromina.org\/index.php\/wp-json\/wp\/v2\/tags?post=3624"}],"curies":[{"name":"wp","href":"https:\/\/api.w.org\/{rel}","templated":true}]}}