{"id":3637,"date":"2017-10-05T13:04:46","date_gmt":"2017-10-05T11:04:46","guid":{"rendered":"http:\/\/www.fundaciolluiscoromina.org\/?p=3637"},"modified":"2017-10-05T13:04:46","modified_gmt":"2017-10-05T11:04:46","slug":"lexposicio-banyoles-a-la-llum-els-jjoo92-sallarga-fins-al-23-doctubre","status":"publish","type":"post","link":"http:\/\/fundaciolluiscoromina.org\/index.php\/2017\/10\/05\/lexposicio-banyoles-a-la-llum-els-jjoo92-sallarga-fins-al-23-doctubre\/","title":{"rendered":"L&#8217;exposici\u00f3 &#8216;Banyoles a la llum els JJOO&#8217;92&#8217; s&#8217;allarga fins al 23 d&#8217;octubre"},"content":{"rendered":"<p>L&#8217;exposici\u00f3 <em>Banyoles a la llum els JJOO&#8217;92<\/em>, instal\u00b7lada a l&#8217;Espai Eat Art de Banyoles, s&#8217;allarga fins al 23 d&#8217;octubre. Amb motiu dels 25 anys de la celebracio\u0301 dels Jocs Oli\u0301mpics de Barcelona i de ser designada Banyoles subseu oli\u0301mpica, la Fundaci\u00f3 Llu\u00eds Coromina i l&#8217;Ajuntament de Banyoles han coprodu\u00eft aquesta mostra per donar a con\u00e8ixer un per\u00edode clau en la hist\u00f2ria de Banyoles, de la comarca, de Barcelona i de Catalunya. L&#8217;exposici\u00f3 compta amb la curadoria i gui\u00f3 de Joan Solana, disseny de Llu\u00eds Vila, coordinaci\u00f3 d&#8217;Eva Collell, direcci\u00f3 fotogr\u00e0fica de Pere Duran, direcci\u00f3 videogr\u00e0fica de Xavier P\u00e9rez, disseny gr\u00e0fic de Pere \u00c1lvaro i direcci\u00f3 general de Ricard Planas.<\/p>\n","protected":false},"excerpt":{"rendered":"<p>L&#8217;exposici\u00f3 Banyoles a la llum els JJOO&#8217;92, instal\u00b7lada a l&#8217;Espai Eat Art de Banyoles, s&#8217;allarga fins al 23 d&#8217;octubre. Amb &#8230;<\/p>\n","protected":false},"author":2,"featured_media":3543,"comment_status":"open","ping_status":"open","sticky":false,"template":"","format":"standard","meta":{"footnotes":""},"categories":[10,17],"tags":[],"class_list":["post-3637","post","type-post","status-publish","format-standard","has-post-thumbnail","hentry","category-activitats","category-exposicions-espai-eat-art"],"_links":{"self":[{"href":"http:\/\/fundaciolluiscoromina.org\/index.php\/wp-json\/wp\/v2\/posts\/3637","targetHints":{"allow":["GET"]}}],"collection":[{"href":"http:\/\/fundaciolluiscoromina.org\/index.php\/wp-json\/wp\/v2\/posts"}],"about":[{"href":"http:\/\/fundaciolluiscoromina.org\/index.php\/wp-json\/wp\/v2\/types\/post"}],"author":[{"embeddable":true,"href":"http:\/\/fundaciolluiscoromina.org\/index.php\/wp-json\/wp\/v2\/users\/2"}],"replies":[{"embeddable":true,"href":"http:\/\/fundaciolluiscoromina.org\/index.php\/wp-json\/wp\/v2\/comments?post=3637"}],"version-history":[{"count":0,"href":"http:\/\/fundaciolluiscoromina.org\/index.php\/wp-json\/wp\/v2\/posts\/3637\/revisions"}],"wp:attachment":[{"href":"http:\/\/fundaciolluiscoromina.org\/index.php\/wp-json\/wp\/v2\/media?parent=3637"}],"wp:term":[{"taxonomy":"category","embeddable":true,"href":"http:\/\/fundaciolluiscoromina.org\/index.php\/wp-json\/wp\/v2\/categories?post=3637"},{"taxonomy":"post_tag","embeddable":true,"href":"http:\/\/fundaciolluiscoromina.org\/index.php\/wp-json\/wp\/v2\/tags?post=3637"}],"curies":[{"name":"wp","href":"https:\/\/api.w.org\/{rel}","templated":true}]}}